{"id":7706,"date":"2026-09-04T09:00:00","date_gmt":"2026-09-04T09:00:00","guid":{"rendered":"https:\/\/herberiedelatille.fr\/blog\/?p=7706"},"modified":"2026-09-04T09:00:00","modified_gmt":"2026-09-04T09:00:00","slug":"arbre-a-fleurs-jaunes","status":"publish","type":"post","link":"https:\/\/herberiedelatille.fr\/blog\/articles\/arbre-a-fleurs-jaunes\/","title":{"rendered":"Arbre fleurs jaunes : Top 15 vari\u00e9t\u00e9s pour jardin"},"content":{"rendered":"<p>Les arbres \u00e0 fleurs jaunes apportent une touche de luminosit\u00e9 et de chaleur \u00e0 tout jardin. En 2026, avec des normes environnementales de plus en plus strictes, il est essentiel de choisir des esp\u00e8ces adapt\u00e9es non seulement \u00e0 votre climat, mais aussi aux exigences r\u00e9glementaires. Cet article vous pr\u00e9sente les quinze meilleures vari\u00e9t\u00e9s d\u2019arbres \u00e0 fleurs jaunes, leurs caract\u00e9ristiques, ainsi que les pr\u00e9cautions \u00e0 prendre lors de leur plantation.<\/p>\n<h2>Pourquoi choisir un arbre \u00e0 fleurs jaunes ?<\/h2>\n<p>Les arbres \u00e0 fleurs jaunes sont pris\u00e9s pour leur beaut\u00e9 et leur capacit\u00e9 \u00e0 attirer la faune, notamment les pollinisateurs. Ils peuvent \u00e9galement contribuer \u00e0 la biodiversit\u00e9 locale. En France, certaines esp\u00e8ces sont d\u00e9sormais prot\u00e9g\u00e9es et leur plantation peut \u00eatre soumise \u00e0 des r\u00e9glementations sp\u00e9cifiques.<\/p>\n<h3>Avantages des arbres \u00e0 fleurs jaunes<\/h3>\n<ul>\n<li><strong>Esth\u00e9tique<\/strong> : Un arbre en fleur apporte une couleur vibrante au jardin.<\/li>\n<li><strong>\u00c9cologique<\/strong> : Favorise la pollinisation et attire divers insectes b\u00e9n\u00e9fiques.<\/li>\n<li><strong>R\u00e9silience<\/strong> : Plusieurs vari\u00e9t\u00e9s sont adapt\u00e9es aux conditions climatiques changeantes.<\/li>\n<\/ul>\n<h2>Les 15 vari\u00e9t\u00e9s d\u2019arbres \u00e0 fleurs jaunes<\/h2>\n<p>Voici un tableau r\u00e9capitulatif des vari\u00e9t\u00e9s recommand\u00e9es, incluant leur taille adulte et leurs besoins en exposition.<\/p>\n<table class=\"kwdbank-table\">\n<thead>\n<tr>\n<th>Nom de l\u2019arbre<\/th>\n<th>Hauteur (m)<\/th>\n<th>Exposition<\/th>\n<th>Type de sol<\/th>\n<\/tr>\n<\/thead>\n<tbody>\n<tr>\n<td>Forsythia<\/td>\n<td>2-3<\/td>\n<td>Plein soleil<\/td>\n<td>Ordinaire<\/td>\n<\/tr>\n<tr>\n<td>Acacia dealbata (Mimosa)<\/td>\n<td>6-12<\/td>\n<td>Plein soleil<\/td>\n<td>L\u00e9ger et bien drain\u00e9<\/td>\n<\/tr>\n<tr>\n<td>Albizia julibrissin<\/td>\n<td>8-12<\/td>\n<td>Plein soleil<\/td>\n<td>Sableux<\/td>\n<\/tr>\n<tr>\n<td>Laburnum anagyroides<\/td>\n<td>5-10<\/td>\n<td>Plein soleil<\/td>\n<td>Ordinaire<\/td>\n<\/tr>\n<tr>\n<td>Cassia fistula<\/td>\n<td>10-15<\/td>\n<td>Plein soleil<\/td>\n<td>Sableux<\/td>\n<\/tr>\n<tr>\n<td>Cytisus scoparius (Gen\u00eat)<\/td>\n<td>1-3<\/td>\n<td>Plein soleil<\/td>\n<td>Sec et pauvre<\/td>\n<\/tr>\n<tr>\n<td>Prunus x subhirtella<\/td>\n<td>6-8<\/td>\n<td>Mi-ombre<\/td>\n<td>Humide<\/td>\n<\/tr>\n<tr>\n<td>Gleditsia triacanthos<\/td>\n<td>10-20<\/td>\n<td>Plein soleil<\/td>\n<td>Ordinaire<\/td>\n<\/tr>\n<tr>\n<td>Koelreuteria paniculata<\/td>\n<td>8-12<\/td>\n<td>Mi-ombre<\/td>\n<td>Ordinaire<\/td>\n<\/tr>\n<tr>\n<td>Ailanthus altissima<\/td>\n<td>15-25<\/td>\n<td>Plein soleil<\/td>\n<td>Tout type<\/td>\n<\/tr>\n<tr>\n<td>Spathodea campanulata<\/td>\n<td>10-15<\/td>\n<td>Plein soleil<\/td>\n<td>Drain\u00e9<\/td>\n<\/tr>\n<tr>\n<td>Peltophorum pterocarpum<\/td>\n<td>10-12<\/td>\n<td>Plein soleil<\/td>\n<td>Drain\u00e9<\/td>\n<\/tr>\n<tr>\n<td>Senna siamea<\/td>\n<td>4-10<\/td>\n<td>Plein soleil<\/td>\n<td>Humide<\/td>\n<\/tr>\n<tr>\n<td>Butea monosperma<\/td>\n<td>10-15<\/td>\n<td>Plein soleil<\/td>\n<td>Sec<\/td>\n<\/tr>\n<tr>\n<td>Xanthorrhoea australis<\/td>\n<td>1.5-3<\/td>\n<td>Mi-ombre<\/td>\n<td>Sableux<\/td>\n<\/tr>\n<\/tbody>\n<\/table>\n<h2>Normes r\u00e9glementaires pour la plantation<\/h2>\n<p>En raison des enjeux \u00e9cologiques actuels, certaines esp\u00e8ces peuvent n\u00e9cessiter des autorisations sp\u00e9cifiques avant d\u2019\u00eatre plant\u00e9es. Par exemple :<\/p>\n<ol>\n<li><strong>\u00c9valuation d\u2019impact<\/strong> : Pour les grandes plantations, une \u00e9valuation peut \u00eatre exig\u00e9e.<\/li>\n<li><strong>Esp\u00e8ces prot\u00e9g\u00e9es<\/strong> : Certaines vari\u00e9t\u00e9s comme le Mimosa peuvent \u00eatre sous protection dans certaines r\u00e9gions.<\/li>\n<\/ol>\n<h3>Pi\u00e8ge \u00e0 \u00e9viter<\/h3>\n<p>Un pi\u00e8ge courant lors de la s\u00e9lection d\u2019un arbre est de ne pas tenir compte de son d\u00e9veloppement futur. Assurez-vous que l\u2019espace disponible dans votre jardin est suffisant pour accueillir l\u2019arbre choisi dans sa maturit\u00e9.<\/p>\n<h2>Entretien des arbres \u00e0 fleurs jaunes<\/h2>\n<p>L\u2019entretien varie selon les esp\u00e8ces, mais voici quelques conseils g\u00e9n\u00e9raux :<\/p>\n<ol>\n<li><strong>Arrosage<\/strong> : Assurez-vous que le sol reste humide durant les premi\u00e8res ann\u00e9es.<\/li>\n<li><strong>Taille<\/strong> : Effectuez une taille l\u00e9g\u00e8re apr\u00e8s la floraison pour favoriser une meilleure croissance.<\/li>\n<li><strong>Fertilisation<\/strong> : Un engrais organique au printemps peut stimuler la floraison.<\/li>\n<\/ol>\n<h2>Exemples concrets<\/h2>\n<p>Pour illustrer l\u2019impact positif des arbres \u00e0 fleurs jaunes sur l\u2019environnement :<\/p>\n<ol>\n<li>La plantation d\u2019un Acacia dealbata peut attirer jusqu\u2019\u00e0 <strong>80%<\/strong> plus de pollinisateurs par rapport aux plantes environnantes.<\/li>\n<li>Le Gleditsia triacanthos a montr\u00e9 une r\u00e9duction de l\u2019\u00e9rosion du sol allant jusqu\u2019\u00e0 <strong>30%<\/strong>, selon certaines \u00e9tudes.<\/li>\n<\/ol>\n<h2>FAQ<\/h2>\n<h3>Quelles sont les meilleures saisons pour planter un arbre \u00e0 fleurs jaunes ?<\/h3>\n<p>La meilleure p\u00e9riode est g\u00e9n\u00e9ralement le printemps ou l\u2019automne, lorsque le sol est humide et que les temp\u00e9ratures sont douces.<\/p>\n<h3>Comment choisir un emplacement pour un arbre \u00e0 fleurs jaunes ?<\/h3>\n<p>Choisissez un endroit en plein soleil ou l\u00e9g\u00e8rement ombrag\u00e9 selon les besoins sp\u00e9cifiques de chaque esp\u00e8ce.<\/p>\n<h3>Quels soins sp\u00e9cifiques n\u00e9cessitent ces arbres ?<\/h3>\n<p>Un arrosage r\u00e9gulier durant les premi\u00e8res ann\u00e9es et une taille l\u00e9g\u00e8re apr\u00e8s la floraison sont souvent recommand\u00e9s.<\/p>\n<h3>Y a-t-il des vari\u00e9t\u00e9s d\u2019arbres \u00e0 \u00e9viter ?<\/h3>\n<p>Certaines esp\u00e8ces peuvent devenir envahissantes; renseignez-vous sur votre r\u00e9gion avant de planter.<\/p>\n<h3>Peut-on cultiver ces arbres en pot ?<\/h3>\n<p>Oui, certaines petites vari\u00e9t\u00e9s comme le Forsythia peuvent \u00eatre cultiv\u00e9es en pot, mais cela n\u00e9cessite une attention particuli\u00e8re au drainage et aux nutriments.<\/p>\n<p>Investir dans un arbre \u00e0 fleurs jaunes enrichit non seulement votre jardin mais contribue \u00e9galement positivement \u00e0 l\u2019environnement local. Choisissez judicieusement !<\/p>\n","protected":false},"excerpt":{"rendered":"","protected":false},"author":34,"featured_media":999999999,"comment_status":"open","ping_status":"open","sticky":false,"template":"","format":"standard","meta":{"_acf_changed":false,"manual_indexmenow":false,"indexmenow_id_project":0,"footnotes":""},"categories":[4609],"tags":[],"class_list":["post-7706","post","type-post","status-publish","format-standard","has-post-thumbnail","hentry","category-articles","generate-columns","tablet-grid-50","mobile-grid-100","grid-parent","grid-25"],"acf":[],"yoast_head":"<!-- This site is optimized with the Yoast SEO Premium plugin v21.3 (Yoast SEO v25.6) - https:\/\/yoast.com\/wordpress\/plugins\/seo\/ -->\n<title>Arbre fleurs jaunes : Top 15 vari\u00e9t\u00e9s pour jardin<\/title>\n<meta name=\"description\" content=\"Les arbres \u00e0 fleurs jaunes apportent une touche de luminosit\u00e9 et de chaleur \u00e0 tout jardin. En 2026, avec des normes environnementales de plus en plus\u2026\" \/>\n<meta name=\"robots\" content=\"index, follow, max-snippet:-1, max-image-preview:large, max-video-preview:-1\" \/>\n<link rel=\"canonical\" href=\"https:\/\/herberiedelatille.fr\/blog\/articles\/arbre-a-fleurs-jaunes\/\" \/>\n<meta property=\"og:locale\" content=\"fr_FR\" \/>\n<meta property=\"og:type\" content=\"article\" \/>\n<meta property=\"og:title\" content=\"Arbre fleurs jaunes : Top 15 vari\u00e9t\u00e9s pour jardin\" \/>\n<meta property=\"og:description\" content=\"Les arbres \u00e0 fleurs jaunes apportent une touche de luminosit\u00e9 et de chaleur \u00e0 tout jardin. En 2026, avec des normes environnementales de plus en plus\u2026\" \/>\n<meta property=\"og:url\" content=\"https:\/\/herberiedelatille.fr\/blog\/articles\/arbre-a-fleurs-jaunes\/\" \/>\n<meta property=\"og:site_name\" content=\"Herberie de la Tille\" \/>\n<meta name=\"author\" content=\"Julien Prigent\" \/>\n<meta name=\"twitter:card\" content=\"summary_large_image\" \/>\n<script type=\"application\/ld+json\" class=\"yoast-schema-graph\">{\"@context\":\"https:\/\/schema.org\",\"@graph\":[{\"@type\":\"NewsArticle\",\"@id\":\"https:\/\/herberiedelatille.fr\/blog\/articles\/arbre-a-fleurs-jaunes\/#article\",\"isPartOf\":{\"@id\":\"https:\/\/herberiedelatille.fr\/blog\/articles\/arbre-a-fleurs-jaunes\/\"},\"author\":{\"name\":\"Julien Prigent\",\"@id\":\"https:\/\/herberiedelatille.fr\/blog\/#\/schema\/person\/3c864cdc320801e3db34b663e7e3f816\"},\"headline\":\"Arbre fleurs jaunes : Top 15 vari\u00e9t\u00e9s pour jardin\",\"datePublished\":\"2026-09-04T09:00:00+00:00\",\"mainEntityOfPage\":{\"@id\":\"https:\/\/herberiedelatille.fr\/blog\/articles\/arbre-a-fleurs-jaunes\/\"},\"wordCount\":699,\"commentCount\":0,\"publisher\":{\"@id\":\"https:\/\/herberiedelatille.fr\/blog\/#organization\"},\"image\":{\"@id\":\"https:\/\/herberiedelatille.fr\/blog\/articles\/arbre-a-fleurs-jaunes\/#primaryimage\"},\"thumbnailUrl\":\"https:\/\/images.pexels.com\/photos\/36747570\/pexels-photo-36747570.jpeg?auto=compress&cs=tinysrgb&fit=crop&h=627&w=1200\",\"articleSection\":[\"Articles\"],\"inLanguage\":\"fr-FR\",\"potentialAction\":[{\"@type\":\"CommentAction\",\"name\":\"Comment\",\"target\":[\"https:\/\/herberiedelatille.fr\/blog\/articles\/arbre-a-fleurs-jaunes\/#respond\"]}]},{\"@type\":\"WebPage\",\"@id\":\"https:\/\/herberiedelatille.fr\/blog\/articles\/arbre-a-fleurs-jaunes\/\",\"url\":\"https:\/\/herberiedelatille.fr\/blog\/articles\/arbre-a-fleurs-jaunes\/\",\"name\":\"Arbre fleurs jaunes : Top 15 vari\u00e9t\u00e9s pour jardin\",\"isPartOf\":{\"@id\":\"https:\/\/herberiedelatille.fr\/blog\/#website\"},\"primaryImageOfPage\":{\"@id\":\"https:\/\/herberiedelatille.fr\/blog\/articles\/arbre-a-fleurs-jaunes\/#primaryimage\"},\"image\":{\"@id\":\"https:\/\/herberiedelatille.fr\/blog\/articles\/arbre-a-fleurs-jaunes\/#primaryimage\"},\"thumbnailUrl\":\"https:\/\/images.pexels.com\/photos\/36747570\/pexels-photo-36747570.jpeg?auto=compress&cs=tinysrgb&fit=crop&h=627&w=1200\",\"datePublished\":\"2026-09-04T09:00:00+00:00\",\"description\":\"Les arbres \u00e0 fleurs jaunes apportent une touche de luminosit\u00e9 et de chaleur \u00e0 tout jardin. En 2026, avec des normes environnementales de plus en plus\u2026\",\"inLanguage\":\"fr-FR\",\"potentialAction\":[{\"@type\":\"ReadAction\",\"target\":[\"https:\/\/herberiedelatille.fr\/blog\/articles\/arbre-a-fleurs-jaunes\/\"]}]},{\"@type\":\"ImageObject\",\"inLanguage\":\"fr-FR\",\"@id\":\"https:\/\/herberiedelatille.fr\/blog\/articles\/arbre-a-fleurs-jaunes\/#primaryimage\",\"url\":\"https:\/\/images.pexels.com\/photos\/36747570\/pexels-photo-36747570.jpeg?auto=compress&cs=tinysrgb&fit=crop&h=627&w=1200\",\"contentUrl\":\"https:\/\/images.pexels.com\/photos\/36747570\/pexels-photo-36747570.jpeg?auto=compress&cs=tinysrgb&fit=crop&h=627&w=1200\"},{\"@type\":\"WebSite\",\"@id\":\"https:\/\/herberiedelatille.fr\/blog\/#website\",\"url\":\"https:\/\/herberiedelatille.fr\/blog\/\",\"name\":\"Herberie de la Tille\",\"description\":\"Le m\u00e9dia de la botanique pratique \u2014 plantes, herboristerie, identification\",\"publisher\":{\"@id\":\"https:\/\/herberiedelatille.fr\/blog\/#organization\"},\"alternateName\":\"Herberie de la Tille\",\"potentialAction\":[{\"@type\":\"SearchAction\",\"target\":{\"@type\":\"EntryPoint\",\"urlTemplate\":\"https:\/\/herberiedelatille.fr\/blog\/?s={search_term_string}\"},\"query-input\":{\"@type\":\"PropertyValueSpecification\",\"valueRequired\":true,\"valueName\":\"search_term_string\"}}],\"inLanguage\":\"fr-FR\"},{\"@type\":\"Organization\",\"@id\":\"https:\/\/herberiedelatille.fr\/blog\/#organization\",\"name\":\"Herberie de la Tille\",\"url\":\"https:\/\/herberiedelatille.fr\/blog\/\",\"logo\":{\"@type\":\"ImageObject\",\"inLanguage\":\"fr-FR\",\"@id\":\"https:\/\/herberiedelatille.fr\/blog\/#\/schema\/logo\/image\/\",\"url\":\"https:\/\/herberiedelatille.fr\/blog\/wp-content\/uploads\/2024\/12\/herberiedelatille.png\",\"contentUrl\":\"https:\/\/herberiedelatille.fr\/blog\/wp-content\/uploads\/2024\/12\/herberiedelatille.png\",\"width\":500,\"height\":500,\"caption\":\"Herberie de la Tille\"},\"image\":{\"@id\":\"https:\/\/herberiedelatille.fr\/blog\/#\/schema\/logo\/image\/\"}},{\"@type\":\"Person\",\"@id\":\"https:\/\/herberiedelatille.fr\/blog\/#\/schema\/person\/3c864cdc320801e3db34b663e7e3f816\",\"name\":\"Julien Prigent\",\"image\":{\"@type\":\"ImageObject\",\"inLanguage\":\"fr-FR\",\"@id\":\"https:\/\/herberiedelatille.fr\/blog\/#\/schema\/person\/image\/\",\"url\":\"https:\/\/herberiedelatille.fr\/blog\/wp-content\/uploads\/2026\/06\/persona_julien-p-96x96.jpg\",\"contentUrl\":\"https:\/\/herberiedelatille.fr\/blog\/wp-content\/uploads\/2026\/06\/persona_julien-p-96x96.jpg\",\"caption\":\"Julien Prigent\"},\"description\":\"Bricoleur et jardinier dans l'\u00e2me, j'\u00e9cris sur la maison et ses ext\u00e9rieurs avec les mains dans le cambouis plus que dans les th\u00e9ories. Mon terrain couvre tout l'habitat : le potager et le jardin au fil des saisons, mais aussi les petits travaux, la r\u00e9novation, le bricolage et les m\u00e9tiers du b\u00e2timent \u2014 toiture, isolation, menuiserie, serrurerie, ma\u00e7onnerie. J'aime expliquer un geste technique simplement, donner des fourchettes de prix r\u00e9alistes et les bons crit\u00e8res pour choisir un mat\u00e9riau ou un artisan. Je teste ce que je peux sur mes propres chantiers et au jardin avant d'en parler, je distingue la tradition de ce que confirme l'observation, et je pr\u00e9cise toujours le contexte \u2014 climat, type de sol, configuration du logement \u2014 parce qu'un m\u00eame conseil ne vaut pas partout. Mon but : rendre l'entretien et l'am\u00e9lioration de la maison accessibles, durables et \u00e9conomes.\",\"sameAs\":[\"https:\/\/julienprigent.fr\/\"],\"url\":\"https:\/\/herberiedelatille.fr\/blog\/auteur\/julien-p\/\"}]}<\/script>\n<!-- \/ Yoast SEO Premium plugin. -->","yoast_head_json":{"title":"Arbre fleurs jaunes : Top 15 vari\u00e9t\u00e9s pour jardin","description":"Les arbres \u00e0 fleurs jaunes apportent une touche de luminosit\u00e9 et de chaleur \u00e0 tout jardin. En 2026, avec des normes environnementales de plus en plus\u2026","robots":{"index":"index","follow":"follow","max-snippet":"max-snippet:-1","max-image-preview":"max-image-preview:large","max-video-preview":"max-video-preview:-1"},"canonical":"https:\/\/herberiedelatille.fr\/blog\/articles\/arbre-a-fleurs-jaunes\/","og_locale":"fr_FR","og_type":"article","og_title":"Arbre fleurs jaunes : Top 15 vari\u00e9t\u00e9s pour jardin","og_description":"Les arbres \u00e0 fleurs jaunes apportent une touche de luminosit\u00e9 et de chaleur \u00e0 tout jardin. En 2026, avec des normes environnementales de plus en plus\u2026","og_url":"https:\/\/herberiedelatille.fr\/blog\/articles\/arbre-a-fleurs-jaunes\/","og_site_name":"Herberie de la Tille","author":"Julien Prigent","twitter_card":"summary_large_image","schema":{"@context":"https:\/\/schema.org","@graph":[{"@type":"NewsArticle","@id":"https:\/\/herberiedelatille.fr\/blog\/articles\/arbre-a-fleurs-jaunes\/#article","isPartOf":{"@id":"https:\/\/herberiedelatille.fr\/blog\/articles\/arbre-a-fleurs-jaunes\/"},"author":{"name":"Julien Prigent","@id":"https:\/\/herberiedelatille.fr\/blog\/#\/schema\/person\/3c864cdc320801e3db34b663e7e3f816"},"headline":"Arbre fleurs jaunes : Top 15 vari\u00e9t\u00e9s pour jardin","datePublished":"2026-09-04T09:00:00+00:00","mainEntityOfPage":{"@id":"https:\/\/herberiedelatille.fr\/blog\/articles\/arbre-a-fleurs-jaunes\/"},"wordCount":699,"commentCount":0,"publisher":{"@id":"https:\/\/herberiedelatille.fr\/blog\/#organization"},"image":{"@id":"https:\/\/herberiedelatille.fr\/blog\/articles\/arbre-a-fleurs-jaunes\/#primaryimage"},"thumbnailUrl":"https:\/\/images.pexels.com\/photos\/36747570\/pexels-photo-36747570.jpeg?auto=compress&cs=tinysrgb&fit=crop&h=627&w=1200","articleSection":["Articles"],"inLanguage":"fr-FR","potentialAction":[{"@type":"CommentAction","name":"Comment","target":["https:\/\/herberiedelatille.fr\/blog\/articles\/arbre-a-fleurs-jaunes\/#respond"]}]},{"@type":"WebPage","@id":"https:\/\/herberiedelatille.fr\/blog\/articles\/arbre-a-fleurs-jaunes\/","url":"https:\/\/herberiedelatille.fr\/blog\/articles\/arbre-a-fleurs-jaunes\/","name":"Arbre fleurs jaunes : Top 15 vari\u00e9t\u00e9s pour jardin","isPartOf":{"@id":"https:\/\/herberiedelatille.fr\/blog\/#website"},"primaryImageOfPage":{"@id":"https:\/\/herberiedelatille.fr\/blog\/articles\/arbre-a-fleurs-jaunes\/#primaryimage"},"image":{"@id":"https:\/\/herberiedelatille.fr\/blog\/articles\/arbre-a-fleurs-jaunes\/#primaryimage"},"thumbnailUrl":"https:\/\/images.pexels.com\/photos\/36747570\/pexels-photo-36747570.jpeg?auto=compress&cs=tinysrgb&fit=crop&h=627&w=1200","datePublished":"2026-09-04T09:00:00+00:00","description":"Les arbres \u00e0 fleurs jaunes apportent une touche de luminosit\u00e9 et de chaleur \u00e0 tout jardin. En 2026, avec des normes environnementales de plus en plus\u2026","inLanguage":"fr-FR","potentialAction":[{"@type":"ReadAction","target":["https:\/\/herberiedelatille.fr\/blog\/articles\/arbre-a-fleurs-jaunes\/"]}]},{"@type":"ImageObject","inLanguage":"fr-FR","@id":"https:\/\/herberiedelatille.fr\/blog\/articles\/arbre-a-fleurs-jaunes\/#primaryimage","url":"https:\/\/images.pexels.com\/photos\/36747570\/pexels-photo-36747570.jpeg?auto=compress&cs=tinysrgb&fit=crop&h=627&w=1200","contentUrl":"https:\/\/images.pexels.com\/photos\/36747570\/pexels-photo-36747570.jpeg?auto=compress&cs=tinysrgb&fit=crop&h=627&w=1200"},{"@type":"WebSite","@id":"https:\/\/herberiedelatille.fr\/blog\/#website","url":"https:\/\/herberiedelatille.fr\/blog\/","name":"Herberie de la Tille","description":"Le m\u00e9dia de la botanique pratique \u2014 plantes, herboristerie, identification","publisher":{"@id":"https:\/\/herberiedelatille.fr\/blog\/#organization"},"alternateName":"Herberie de la Tille","potentialAction":[{"@type":"SearchAction","target":{"@type":"EntryPoint","urlTemplate":"https:\/\/herberiedelatille.fr\/blog\/?s={search_term_string}"},"query-input":{"@type":"PropertyValueSpecification","valueRequired":true,"valueName":"search_term_string"}}],"inLanguage":"fr-FR"},{"@type":"Organization","@id":"https:\/\/herberiedelatille.fr\/blog\/#organization","name":"Herberie de la Tille","url":"https:\/\/herberiedelatille.fr\/blog\/","logo":{"@type":"ImageObject","inLanguage":"fr-FR","@id":"https:\/\/herberiedelatille.fr\/blog\/#\/schema\/logo\/image\/","url":"https:\/\/herberiedelatille.fr\/blog\/wp-content\/uploads\/2024\/12\/herberiedelatille.png","contentUrl":"https:\/\/herberiedelatille.fr\/blog\/wp-content\/uploads\/2024\/12\/herberiedelatille.png","width":500,"height":500,"caption":"Herberie de la Tille"},"image":{"@id":"https:\/\/herberiedelatille.fr\/blog\/#\/schema\/logo\/image\/"}},{"@type":"Person","@id":"https:\/\/herberiedelatille.fr\/blog\/#\/schema\/person\/3c864cdc320801e3db34b663e7e3f816","name":"Julien Prigent","image":{"@type":"ImageObject","inLanguage":"fr-FR","@id":"https:\/\/herberiedelatille.fr\/blog\/#\/schema\/person\/image\/","url":"https:\/\/herberiedelatille.fr\/blog\/wp-content\/uploads\/2026\/06\/persona_julien-p-96x96.jpg","contentUrl":"https:\/\/herberiedelatille.fr\/blog\/wp-content\/uploads\/2026\/06\/persona_julien-p-96x96.jpg","caption":"Julien Prigent"},"description":"Bricoleur et jardinier dans l'\u00e2me, j'\u00e9cris sur la maison et ses ext\u00e9rieurs avec les mains dans le cambouis plus que dans les th\u00e9ories. Mon terrain couvre tout l'habitat : le potager et le jardin au fil des saisons, mais aussi les petits travaux, la r\u00e9novation, le bricolage et les m\u00e9tiers du b\u00e2timent \u2014 toiture, isolation, menuiserie, serrurerie, ma\u00e7onnerie. J'aime expliquer un geste technique simplement, donner des fourchettes de prix r\u00e9alistes et les bons crit\u00e8res pour choisir un mat\u00e9riau ou un artisan. Je teste ce que je peux sur mes propres chantiers et au jardin avant d'en parler, je distingue la tradition de ce que confirme l'observation, et je pr\u00e9cise toujours le contexte \u2014 climat, type de sol, configuration du logement \u2014 parce qu'un m\u00eame conseil ne vaut pas partout. Mon but : rendre l'entretien et l'am\u00e9lioration de la maison accessibles, durables et \u00e9conomes.","sameAs":["https:\/\/julienprigent.fr\/"],"url":"https:\/\/herberiedelatille.fr\/blog\/auteur\/julien-p\/"}]}},"_links":{"self":[{"href":"https:\/\/herberiedelatille.fr\/blog\/wp-json\/wp\/v2\/posts\/7706","targetHints":{"allow":["GET"]}}],"collection":[{"href":"https:\/\/herberiedelatille.fr\/blog\/wp-json\/wp\/v2\/posts"}],"about":[{"href":"https:\/\/herberiedelatille.fr\/blog\/wp-json\/wp\/v2\/types\/post"}],"author":[{"embeddable":true,"href":"https:\/\/herberiedelatille.fr\/blog\/wp-json\/wp\/v2\/users\/34"}],"replies":[{"embeddable":true,"href":"https:\/\/herberiedelatille.fr\/blog\/wp-json\/wp\/v2\/comments?post=7706"}],"version-history":[{"count":1,"href":"https:\/\/herberiedelatille.fr\/blog\/wp-json\/wp\/v2\/posts\/7706\/revisions"}],"predecessor-version":[{"id":7956,"href":"https:\/\/herberiedelatille.fr\/blog\/wp-json\/wp\/v2\/posts\/7706\/revisions\/7956"}],"wp:attachment":[{"href":"https:\/\/herberiedelatille.fr\/blog\/wp-json\/wp\/v2\/media?parent=7706"}],"wp:term":[{"taxonomy":"category","embeddable":true,"href":"https:\/\/herberiedelatille.fr\/blog\/wp-json\/wp\/v2\/categories?post=7706"},{"taxonomy":"post_tag","embeddable":true,"href":"https:\/\/herberiedelatille.fr\/blog\/wp-json\/wp\/v2\/tags?post=7706"}],"curies":[{"name":"wp","href":"https:\/\/api.w.org\/{rel}","templated":true}]}}