{"id":7815,"date":"2026-06-08T12:56:14","date_gmt":"2026-06-08T10:56:14","guid":{"rendered":"https:\/\/herberiedelatille.fr\/blog\/fleurs-et-plantes\/cueillette-sauvage-et-balade-en-pleine-nature-equipement-et-bonne-atti\/"},"modified":"2026-06-08T13:22:50","modified_gmt":"2026-06-08T11:22:50","slug":"cueillette-sauvage-et-balade-en-pleine-nature-equipement-et-bonne-atti","status":"publish","type":"post","link":"https:\/\/herberiedelatille.fr\/blog\/fleurs-et-plantes\/cueillette-sauvage-et-balade-en-pleine-nature-equipement-et-bonne-atti\/","title":{"rendered":"Cueillette sauvage et balade en pleine nature : \u00e9quipement et bonne attitude"},"content":{"rendered":"<p>Partir en for\u00eat un panier \u00e0 la main, longer une lisi\u00e8re \u00e0 la recherche de l&rsquo;ail des ours, rep\u00e9rer les premi\u00e8res m\u00fbres de la fin d&rsquo;\u00e9t\u00e9 : la <strong>cueillette sauvage<\/strong> est une \u00e9cole de patience et d&rsquo;attention. Mais elle ne s&rsquo;improvise pas. Bien cueillir, c&rsquo;est d&rsquo;abord savoir <strong>quoi<\/strong> pr\u00e9lever, <strong>combien<\/strong>, et surtout <strong>comment<\/strong> laisser le milieu intact. C&rsquo;est aussi marcher confortablement, se prot\u00e9ger des ronces et des tiques, et rentrer sans avoir laiss\u00e9 d&rsquo;autre trace que ses pas. Pour profiter pleinement de chaque sortie, un <strong>\u00e9quipement cueillette<\/strong> bien pens\u00e9 compte autant que le bon \u00e9tat d&rsquo;esprit. Cet article conjugue les deux faces d&rsquo;une balade r\u00e9ussie : la <strong>bonne attitude du cueilleur<\/strong> et un mat\u00e9riel adapt\u00e9, au service d&rsquo;une nature que l&rsquo;on aime assez pour la pr\u00e9server.<\/p>\n\n<h2>L&rsquo;essentiel en bref<\/h2>\n\n<ul>\n<li><strong>Identification certaine d&rsquo;abord :<\/strong> on ne cueille que ce que l&rsquo;on reconna\u00eet sans le moindre doute, sous peine de confondre une comestible avec un sosie toxique.<\/li>\n<li><strong>Cueillir avec parcimonie :<\/strong> on pr\u00e9l\u00e8ve une faible part d&rsquo;une station, on coupe proprement, on ne r\u00e9colte que ce que l&rsquo;on consommera.<\/li>\n<li><strong>Respecter la loi et le vivant :<\/strong> esp\u00e8ces prot\u00e9g\u00e9es, r\u00e9serves, terrains priv\u00e9s et r\u00e9glementation locale s&rsquo;imposent au cueilleur.<\/li>\n<li><strong>S&rsquo;\u00e9quiper l\u00e9ger mais juste :<\/strong> chaussures de randonn\u00e9e, v\u00eatements en couches, sac l\u00e9ger, gourde isotherme et protections anti-tiques font toute la diff\u00e9rence.<\/li>\n<li><strong>Ne rien laisser :<\/strong> une belle sortie est celle qui ne se voit pas une fois que l&rsquo;on est reparti.<\/li>\n<\/ul>\n\n<h2>La bonne attitude : cueillir sans ab\u00eemer<\/h2>\n\n<p>Avant d&rsquo;\u00eatre une question de mat\u00e9riel, la cueillette est une question d&rsquo;<strong>\u00e9thique<\/strong>. Le promeneur qui ramasse une poign\u00e9e de plantes participe \u00e0 un \u00e9quilibre fragile. Quelques principes simples suffisent \u00e0 transformer une sortie en geste respectueux, plut\u00f4t qu&rsquo;en pr\u00e9l\u00e8vement aveugle. Cette attention au vivant prolonge d&rsquo;ailleurs <a href=\"https:\/\/herberiedelatille.fr\/blog\/identification-des-plantes\/herbiers-historiques-un-voyage-a-travers-le-temps\/\">la longue tradition des herbiers<\/a>, o\u00f9 l&rsquo;on apprenait d\u00e9j\u00e0 \u00e0 observer la plante avant de la pr\u00e9lever.<\/p>\n\n<h3>Comment \u00eatre s\u00fbr de ce que l&rsquo;on cueille ?<\/h3>\n\n<p>C&rsquo;est la r\u00e8gle absolue, celle qui ne souffre aucune exception : <strong>on ne cueille que ce que l&rsquo;on identifie sans le moindre doute<\/strong>. Le r\u00e8gne v\u00e9g\u00e9tal regorge de sosies redoutables. L&rsquo;ail des ours ressemble au muguet et au colchique, tous deux toxiques ; certaines ombellif\u00e8res comestibles cohabitent avec la cigu\u00eb, mortelle. Un parfum, une feuille, une tige isol\u00e9e ne suffisent jamais.<\/p>\n\n<p>Pour cueillir en confiance, croisez plusieurs crit\u00e8res : <strong>forme et disposition des feuilles<\/strong>, <strong>odeur<\/strong> quand on les froisse, couleur et structure de la tige, pr\u00e9sence ou non de poils, milieu de pousse. Au moindre doute, on s&rsquo;abstient. Un bon guide d&rsquo;identification illustr\u00e9, une application botanique s\u00e9rieuse, ou mieux, l&rsquo;accompagnement d&rsquo;un cueilleur exp\u00e9riment\u00e9 lors des premi\u00e8res sorties \u00e9vitent bien des accidents. La r\u00e8gle d&rsquo;or tient en une phrase : <strong>dans le doute, on ne go\u00fbte pas, on ne cueille pas<\/strong>.<\/p>\n\n<h3>Combien peut-on pr\u00e9lever sans appauvrir le milieu ?<\/h3>\n\n<p>Une cueillette responsable ne vide jamais une station. La r\u00e8gle empirique souvent cit\u00e9e consiste \u00e0 ne pr\u00e9lever qu&rsquo;une <strong>faible part<\/strong> de ce qui pousse \u00e0 un endroit donn\u00e9, en laissant la majorit\u00e9 sur place pour assurer la reproduction de l&rsquo;esp\u00e8ce et nourrir la faune. On \u00e9vite d&rsquo;arracher les racines quand seules les feuilles ou les fleurs nous int\u00e9ressent, on <strong>coupe proprement<\/strong> plut\u00f4t que de tirer, et l&rsquo;on r\u00e9colte uniquement la quantit\u00e9 que l&rsquo;on consommera r\u00e9ellement. Cueillir plus que de besoin, c&rsquo;est gaspiller et appauvrir le milieu.<\/p>\n\n<p>Cette parcimonie vaut tout particuli\u00e8rement pour les fleurs printani\u00e8res pr\u00e9coces, <a href=\"https:\/\/herberiedelatille.fr\/blog\/fleurs-et-plantes\/jacinthe\/\">des esp\u00e8ces comme la jacinthe<\/a>, dont les tapis spectaculaires se d\u00e9gradent vite lorsqu&rsquo;on les pi\u00e9tine ou qu&rsquo;on les ramasse en abondance. Pensez aussi \u00e0 <strong>varier les lieux<\/strong> d&rsquo;une sortie \u00e0 l&rsquo;autre : revenir syst\u00e9matiquement au m\u00eame carr\u00e9 d&rsquo;ail des ours finit par l&rsquo;\u00e9puiser. La rotation laisse \u00e0 chaque station le temps de se r\u00e9g\u00e9n\u00e9rer.<\/p>\n\n<h3>Respecter la r\u00e9glementation et les esp\u00e8ces prot\u00e9g\u00e9es<\/h3>\n\n<p>La cueillette n&rsquo;est pas libre partout. De nombreuses esp\u00e8ces sont <strong>prot\u00e9g\u00e9es<\/strong> au niveau national ou r\u00e9gional, et leur ramassage est interdit. Dans les espaces naturels sensibles, r\u00e9serves, parcs nationaux et certaines for\u00eats domaniales, des arr\u00eat\u00e9s encadrent ou interdisent toute r\u00e9colte. Sur un <strong>terrain priv\u00e9<\/strong>, la cueillette suppose l&rsquo;accord du propri\u00e9taire.<\/p>\n\n<p>Avant de partir, renseignez-vous sur le statut du lieu et des plantes que vous visez. Respecter ces r\u00e8gles, ce n&rsquo;est pas une contrainte administrative : c&rsquo;est prot\u00e9ger des populations v\u00e9g\u00e9tales parfois rares et fragiles, qui ont besoin qu&rsquo;on les laisse tranquilles.<\/p>\n\n<h3>Marcher l\u00e9ger, laisser la nature intacte<\/h3>\n\n<p>L&rsquo;impact d&rsquo;un cueilleur ne se limite pas \u00e0 ce qu&rsquo;il pr\u00e9l\u00e8ve. Pi\u00e9tiner un sous-bois pour atteindre une plante, \u00e9craser les jeunes pousses, d\u00e9ranger un nid : tout cela compte. <strong>Restez autant que possible sur les sentiers<\/strong>, d\u00e9placez-vous avec pr\u00e9caution dans les zones denses, et ne retournez pas syst\u00e9matiquement les pierres ou le bois mort, qui abritent toute une vie discr\u00e8te.<\/p>\n\n<p>Le principe \u00e0 garder en t\u00eate est celui du <em>\u00ab ne rien laisser \u00bb<\/em> : on remporte ses d\u00e9chets, on ne cueille pas de fleurs simplement pour les regarder faner dans la voiture, on referme les barri\u00e8res, on tient son chien. Une belle sortie est celle qui ne se voit pas une fois qu&rsquo;on est reparti.<\/p>\n\n<h3>Les r\u00e8gles de la cueillette responsable, en un coup d&rsquo;\u0153il<\/h3>\n\n<table>\n<tr><th>R\u00e8gle<\/th><th>Le bon geste<\/th><th>\u00c0 \u00e9viter<\/th><\/tr>\n<tr><td>Identification<\/td><td>Croiser plusieurs crit\u00e8res, s&rsquo;abstenir au moindre doute<\/td><td>Se fier \u00e0 une seule ressemblance ou \u00e0 l&rsquo;odeur seule<\/td><\/tr>\n<tr><td>Quantit\u00e9<\/td><td>Pr\u00e9lever une faible part, r\u00e9colter ce que l&rsquo;on mangera<\/td><td>Vider une station, remplir au-del\u00e0 du besoin<\/td><\/tr>\n<tr><td>Geste de coupe<\/td><td>Couper proprement feuilles et fleurs<\/td><td>Arracher les racines inutilement<\/td><\/tr>\n<tr><td>Lieux<\/td><td>V\u00e9rifier le statut, varier les stations<\/td><td>Cueillir en r\u00e9serve, sur terrain priv\u00e9 sans accord<\/td><\/tr>\n<tr><td>D\u00e9placement<\/td><td>Rester sur les sentiers, marcher avec pr\u00e9caution<\/td><td>Pi\u00e9tiner le sous-bois, retourner pierres et bois mort<\/td><\/tr>\n<tr><td>Traces<\/td><td>Remporter ses d\u00e9chets, tenir son chien<\/td><td>Laisser du plastique, d\u00e9ranger la faune<\/td><\/tr>\n<\/table>\n\n<h2>L&rsquo;\u00e9quipement cueillette : confortable et respectueux<\/h2>\n\n<p>Une bonne attitude se prolonge naturellement dans le choix du mat\u00e9riel. Un <strong>\u00e9quipement cueillette<\/strong> adapt\u00e9 permet de marcher plus longtemps, de se prot\u00e9ger des d\u00e9sagr\u00e9ments du terrain, et d&rsquo;\u00e9voluer dans le milieu sans le brusquer. Inutile de s&rsquo;encombrer : quelques pi\u00e8ces bien choisies suffisent \u00e0 rendre chaque sortie de <strong>cueillette sauvage<\/strong> plus s\u00fbre et plus agr\u00e9able.<\/p>\n\n<h3>Quelles chaussures pour la cueillette ?<\/h3>\n\n<p>La cueillette se pratique souvent en sous-bois humides, sur des sentiers boueux ou des terrains accident\u00e9s. Des <strong>chaussures de randonn\u00e9e<\/strong> offrant un bon maintien de la cheville et une semelle crant\u00e9e changent tout : elles \u00e9vitent les glissades, prot\u00e8gent des racines et des cailloux, et gardent les pieds au sec. Privil\u00e9giez une tige imperm\u00e9able ou d\u00e9perlante pour les matin\u00e9es de ros\u00e9e et les bords de ruisseau, et veillez \u00e0 un bon amorti pour les longues marches. Des <strong>chaussettes techniques<\/strong>, qui \u00e9vacuent l&rsquo;humidit\u00e9 et limitent les ampoules, compl\u00e8tent utilement l&rsquo;ensemble.<\/p>\n\n<h3>S&rsquo;habiller en couches<\/h3>\n\n<p>En for\u00eat, la temp\u00e9rature varie beaucoup entre le d\u00e9part frais du matin et l&rsquo;effort de la marche. La technique des <strong>couches<\/strong> reste la plus efficace : une premi\u00e8re couche respirante pr\u00e8s du corps, une couche chaude interm\u00e9diaire que l&rsquo;on retire ou remet selon le besoin, et une <strong>veste coupe-vent ou imperm\u00e9able<\/strong> par-dessus. Un <strong>pantalon de randonn\u00e9e<\/strong> r\u00e9sistant prot\u00e8ge des ronces et des orties, bien mieux qu&rsquo;un short, et limite le contact avec les tiques. On \u00e9vite les v\u00eatements clairs trop salissants, mais on garde de quoi \u00eatre visible en p\u00e9riode de chasse \u2014 un <strong>poncho<\/strong> compact dans le sac sauve par ailleurs des averses inattendues.<\/p>\n\n<h3>Le sac \u00e0 dos et l&rsquo;hydratation<\/h3>\n\n<p>Un <strong>sac \u00e0 dos l\u00e9ger<\/strong> de 20 \u00e0 30 litres suffit largement pour une sortie \u00e0 la journ\u00e9e : il accueille la veste, la gourde, le guide d&rsquo;identification, un petit panier ou des contenants a\u00e9r\u00e9s pour la r\u00e9colte. Optez pour un dos ventil\u00e9 et des bretelles r\u00e9glables afin de ne pas transformer la balade en corv\u00e9e. C\u00f4t\u00e9 boisson, une <strong>gourde isotherme<\/strong> garde l&rsquo;eau fra\u00eeche et \u00e9vite les bouteilles jetables : un d\u00e9tail qui p\u00e8se, \u00e0 l&rsquo;\u00e9chelle d&rsquo;une saison de cueillettes.<\/p>\n\n<p>Pour transporter la r\u00e9colte, pr\u00e9f\u00e9rez des <strong>contenants a\u00e9r\u00e9s<\/strong> \u2014 un panier, un sac en tissu, des bo\u00eetes ajour\u00e9es \u2014 qui laissent respirer les plantes et pr\u00e9servent leur fra\u00eecheur, plut\u00f4t qu&rsquo;un sac plastique o\u00f9 elles fanent et fermentent.<\/p>\n\n<h3>Comment se prot\u00e9ger du soleil, des tiques et des ronces ?<\/h3>\n\n<p>En lisi\u00e8re ou en clairi\u00e8re, un <strong>chapeau<\/strong> \u00e0 bords larges prot\u00e8ge du soleil aux heures chaudes. Mais le vrai sujet en sous-bois reste les <strong>tiques<\/strong>. Pour limiter les risques : pantalon long rentr\u00e9 dans les chaussettes, v\u00eatements couvrants, et <strong>inspection syst\u00e9matique de la peau au retour<\/strong>, sans oublier les plis et le cuir chevelu. Des <strong>gants<\/strong> rendent service pour \u00e9carter les ronces ou cueillir les plantes urticantes, et de bonnes manches longues \u00e9pargnent bien des griffures. Pour les sorties qui s&rsquo;\u00e9tirent jusqu&rsquo;au cr\u00e9puscule, une <strong>lampe torche LED<\/strong> dans le sac \u00e9vite de chercher son chemin \u00e0 t\u00e2tons.<\/p>\n\n<p>Choisir un \u00e9quipement durable, con\u00e7u dans des mat\u00e9riaux respectueux de l&rsquo;environnement, prolonge cet esprit de respect jusque dans le sac : c&rsquo;est dans cette logique que des enseignes outdoor engag\u00e9es comme <a href=\"https:\/\/mon-esprit-nature.com\/\">Mon Esprit Nature<\/a> proposent chaussures et vestes de randonn\u00e9e, sacs \u00e0 dos, gourdes isothermes, chapeaux, ponchos, b\u00e2tons et accessoires pens\u00e9s pour durer plut\u00f4t que pour \u00eatre remplac\u00e9s chaque saison. Mieux vaut quelques pi\u00e8ces solides et bien entretenues qu&rsquo;une accumulation de mat\u00e9riel jetable \u2014 une coh\u00e9rence appr\u00e9ciable quand on aime la nature au point de vouloir la pr\u00e9server. La m\u00eame attention guide d&rsquo;ailleurs le geste de cueillette : <em>Mon Esprit Nature<\/em> n&rsquo;est qu&rsquo;un nom parmi d&rsquo;autres, mais l&rsquo;id\u00e9e compte plus que la marque.<\/p>\n\n<h2>Une petite check-list avant de partir<\/h2>\n\n<table>\n<tr><th>Cat\u00e9gorie<\/th><th>\u00c0 emporter<\/th><\/tr>\n<tr><td>Aux pieds<\/td><td>Chaussures de randonn\u00e9e imperm\u00e9ables, chaussettes techniques<\/td><\/tr>\n<tr><td>Habillement<\/td><td>Syst\u00e8me de couches, veste coupe-vent, pantalon long, chapeau, gants, poncho<\/td><\/tr>\n<tr><td>Sac<\/td><td>Sac \u00e0 dos l\u00e9ger ventil\u00e9, gourde isotherme, panier ou contenants a\u00e9r\u00e9s, lampe torche LED<\/td><\/tr>\n<tr><td>Identification<\/td><td>Guide illustr\u00e9 ou application botanique, loupe<\/td><\/tr>\n<tr><td>S\u00e9curit\u00e9<\/td><td>Petite trousse de soins, eau, encas, t\u00e9l\u00e9phone charg\u00e9<\/td><\/tr>\n<tr><td>\u00c9tat d&rsquo;esprit<\/td><td>Doute = on ne cueille pas, parcimonie, respect de la r\u00e9glementation<\/td><\/tr>\n<\/table>\n\n<h2>Questions fr\u00e9quentes<\/h2>\n\n<h3>La cueillette sauvage est-elle autoris\u00e9e partout en France ?<\/h3>\n\n<p>Non. Le ramassage est encadr\u00e9, voire interdit, dans de nombreux espaces : r\u00e9serves naturelles, parcs nationaux, espaces naturels sensibles et certaines for\u00eats domaniales. De plus, plusieurs esp\u00e8ces sont <strong>prot\u00e9g\u00e9es<\/strong> par arr\u00eat\u00e9 national ou r\u00e9gional et ne peuvent jamais \u00eatre cueillies. Sur un terrain priv\u00e9, l&rsquo;accord du propri\u00e9taire est indispensable. Renseignez-vous toujours sur le statut du lieu et des plantes avant de partir.<\/p>\n\n<h3>Quelle quantit\u00e9 puis-je r\u00e9colter sans nuire au milieu ?<\/h3>\n\n<p>La r\u00e8gle de bon sens consiste \u00e0 ne pr\u00e9lever qu&rsquo;une <strong>faible part<\/strong> de ce qui pousse sur une station, et seulement ce que vous consommerez vraiment. Laisser la majorit\u00e9 sur place permet \u00e0 l&rsquo;esp\u00e8ce de se reproduire et nourrit la faune. Coupez proprement plut\u00f4t que d&rsquo;arracher, et alternez les lieux d&rsquo;une sortie \u00e0 l&rsquo;autre pour laisser chaque station se r\u00e9g\u00e9n\u00e9rer.<\/p>\n\n<h3>Comment \u00e9viter une confusion avec une plante toxique ?<\/h3>\n\n<p>En ne cueillant que ce que vous identifiez <strong>sans le moindre doute<\/strong>, et en croisant plusieurs crit\u00e8res : feuilles, odeur, tige, milieu. M\u00e9fiez-vous des sosies connus (ail des ours \/ muguet et colchique, comestibles \/ cigu\u00eb). Un guide illustr\u00e9, une application botanique fiable et, id\u00e9alement, l&rsquo;accompagnement d&rsquo;un cueilleur exp\u00e9riment\u00e9 lors des premi\u00e8res sorties r\u00e9duisent fortement le risque. Au moindre doute : on ne go\u00fbte pas, on ne cueille pas.<\/p>\n\n<h3>Quel \u00e9quipement cueillette pr\u00e9voir pour d\u00e9buter ?<\/h3>\n\n<p>Pas besoin de mat\u00e9riel co\u00fbteux. L&rsquo;essentiel d&rsquo;un bon <strong>\u00e9quipement cueillette<\/strong> tient en quelques pi\u00e8ces bien choisies : de bonnes <strong>chaussures de randonn\u00e9e<\/strong>, des v\u00eatements en <strong>couches<\/strong>, un <strong>sac l\u00e9ger<\/strong>, une <strong>gourde isotherme<\/strong> et de quoi se prot\u00e9ger des tiques et des ronces. Mieux vaut un mat\u00e9riel durable et bien entretenu qu&rsquo;une accumulation d&rsquo;articles jetables : c&rsquo;est plus \u00e9conomique sur la dur\u00e9e et plus coh\u00e9rent avec l&rsquo;esprit de la cueillette.<\/p>\n\n<h2>L&rsquo;essentiel \u00e0 retenir<\/h2>\n\n<p>La cueillette sauvage repose sur deux piliers indissociables. D&rsquo;un c\u00f4t\u00e9, l&rsquo;<strong>attitude<\/strong> : identifier sans faille, pr\u00e9lever peu, respecter les esp\u00e8ces prot\u00e9g\u00e9es et la r\u00e9glementation, marcher l\u00e9ger et laisser la nature telle qu&rsquo;on l&rsquo;a trouv\u00e9e. De l&rsquo;autre, l&rsquo;<strong>\u00e9quipement cueillette<\/strong> : de bonnes chaussures, des v\u00eatements en couches, un sac l\u00e9ger, une gourde et de quoi se prot\u00e9ger des tiques et des ronces. Bien \u00e9quip\u00e9 et anim\u00e9 par le bon \u00e9tat d&rsquo;esprit, le cueilleur ne prend pas \u00e0 la nature : il l&rsquo;observe, en go\u00fbte une part raisonnable, et contribue \u00e0 la transmettre intacte.<\/p>\n\nSEO_TITLE: Cueillette sauvage : \u00e9quipement et bons gestes\nMETA_DESC: Cueillette sauvage : identifiez sans risque, r\u00e9coltez avec parcimonie et pr\u00e9parez le bon \u00e9quipement cueillette. Guide complet pour des sorties r\u00e9ussies. Lisez-le !\n\n\n<script type=\"application\/ld+json\">{\"@context\": \"https:\/\/schema.org\", \"@type\": \"FAQPage\", \"mainEntity\": [{\"@type\": \"Question\", \"name\": \"La cueillette sauvage est-elle autoris\u00e9e partout en France ?\", \"acceptedAnswer\": {\"@type\": \"Answer\", \"text\": \"Non. Le ramassage est encadr\u00e9, voire interdit, dans de nombreux espaces : r\u00e9serves naturelles, parcs nationaux, espaces naturels sensibles et certaines for\u00eats domaniales. De plus, plusieurs esp\u00e8ces sont prot\u00e9g\u00e9es par arr\u00eat\u00e9 national ou r\u00e9gional et ne peuvent jamais \u00eatre cueillies. Sur un terrain priv\u00e9, l'accord du propri\u00e9taire est indispensable. Renseignez-vous toujours sur le statut du lieu et des plantes avant de partir.\"}}, {\"@type\": \"Question\", \"name\": \"Quelle quantit\u00e9 puis-je r\u00e9colter sans nuire au milieu ?\", \"acceptedAnswer\": {\"@type\": \"Answer\", \"text\": \"La r\u00e8gle de bon sens consiste \u00e0 ne pr\u00e9lever qu'une faible part de ce qui pousse sur une station, et seulement ce que vous consommerez vraiment. Laisser la majorit\u00e9 sur place permet \u00e0 l'esp\u00e8ce de se reproduire et nourrit la faune. Coupez proprement plut\u00f4t que d'arracher, et alternez les lieux d'une sortie \u00e0 l'autre pour laisser chaque station se r\u00e9g\u00e9n\u00e9rer.\"}}, {\"@type\": \"Question\", \"name\": \"Comment \u00e9viter une confusion avec une plante toxique ?\", \"acceptedAnswer\": {\"@type\": \"Answer\", \"text\": \"En ne cueillant que ce que vous identifiez sans le moindre doute , et en croisant plusieurs crit\u00e8res : feuilles, odeur, tige, milieu. M\u00e9fiez-vous des sosies connus (ail des ours \/ muguet et colchique, comestibles \/ cigu\u00eb). Un guide illustr\u00e9, une application botanique fiable et, id\u00e9alement, l'accompagnement d'un cueilleur exp\u00e9riment\u00e9 lors des premi\u00e8res sorties r\u00e9duisent fortement le risque. Au moindre doute : on ne go\u00fbte pas, on ne cueille pas.\"}}, {\"@type\": \"Question\", \"name\": \"Quel \u00e9quipement cueillette pr\u00e9voir pour d\u00e9buter ?\", \"acceptedAnswer\": {\"@type\": \"Answer\", \"text\": \"Pas besoin de mat\u00e9riel co\u00fbteux. L'essentiel d'un bon \u00e9quipement cueillette tient en quelques pi\u00e8ces bien choisies : de bonnes chaussures de randonn\u00e9e , des v\u00eatements en couches , un sac l\u00e9ger , une gourde isotherme et de quoi se prot\u00e9ger des tiques et des ronces. Mieux vaut un mat\u00e9riel durable et bien entretenu qu'une accumulation d'articles jetables : c'est plus \u00e9conomique sur la dur\u00e9e et plus coh\u00e9rent avec l'esprit de la cueillette.\"}}]}<\/script>\n<hr><div class=\"articles-lies\"><h3>\u00c0 lire aussi<\/h3><ul><li><a href=\"https:\/\/herberiedelatille.fr\/blog\/fleurs-et-plantes\/fleur-de-noel\/\">Fleur de No\u00ebl : 10 Plantes Festives 2026<\/a><\/li><li><a href=\"https:\/\/herberiedelatille.fr\/blog\/fleurs-et-plantes\/fuchia\/\">Fuchsia : Guide Culture &amp; Conseils Jardinage<\/a><\/li><li><a href=\"https:\/\/herberiedelatille.fr\/blog\/fleurs-et-plantes\/plantes-exotiques\/\">Plantes Exotiques : Guide Culture &amp; Entretien<\/a><\/li><li><a href=\"https:\/\/herberiedelatille.fr\/blog\/conservation-et-biodiversite\/les-plantes-medicinales-definition-vertus-et-conseils-de-culture\/\">Les plantes m\u00e9dicinales : d\u00e9finition, vertus et conseils de culture<\/a><\/li><\/ul><\/div>","protected":false},"excerpt":{"rendered":"","protected":false},"author":39,"featured_media":7830,"comment_status":"open","ping_status":"open","sticky":false,"template":"","format":"standard","meta":{"_acf_changed":false,"manual_indexmenow":false,"indexmenow_id_project":0,"footnotes":""},"categories":[4613],"tags":[],"class_list":["post-7815","post","type-post","status-publish","format-standard","has-post-thumbnail","hentry","category-fleurs-et-plantes","generate-columns","tablet-grid-50","mobile-grid-100","grid-parent","grid-25"],"acf":[],"yoast_head":"<!-- This site is optimized with the Yoast SEO Premium plugin v21.3 (Yoast SEO v25.6) - https:\/\/yoast.com\/wordpress\/plugins\/seo\/ -->\n<title>Cueillette sauvage : \u00e9quipement et bonnes pratiques<\/title>\n<meta name=\"description\" content=\"Cueillette sauvage et balade en nature : quel \u00e9quipement pr\u00e9voir et quelles bonnes pratiques adopter pour r\u00e9colter en respectant les milieux.\" \/>\n<meta name=\"robots\" content=\"index, follow, max-snippet:-1, max-image-preview:large, max-video-preview:-1\" \/>\n<link rel=\"canonical\" href=\"https:\/\/herberiedelatille.fr\/blog\/fleurs-et-plantes\/cueillette-sauvage-et-balade-en-pleine-nature-equipement-et-bonne-atti\/\" \/>\n<meta property=\"og:locale\" content=\"fr_FR\" \/>\n<meta property=\"og:type\" content=\"article\" \/>\n<meta property=\"og:title\" content=\"Cueillette sauvage : \u00e9quipement et bonnes pratiques\" \/>\n<meta property=\"og:description\" content=\"Cueillette sauvage et balade en nature : quel \u00e9quipement pr\u00e9voir et quelles bonnes pratiques adopter pour r\u00e9colter en respectant les milieux.\" \/>\n<meta property=\"og:url\" content=\"https:\/\/herberiedelatille.fr\/blog\/fleurs-et-plantes\/cueillette-sauvage-et-balade-en-pleine-nature-equipement-et-bonne-atti\/\" \/>\n<meta property=\"og:site_name\" content=\"Herberie de la Tille\" \/>\n<meta property=\"og:image\" content=\"https:\/\/herberiedelatille.fr\/blog\/wp-content\/uploads\/2026\/06\/sdxl-4fb88e127dd971fb911a5a33a3aac220-scaled.png\" \/>\n\t<meta property=\"og:image:width\" content=\"1200\" \/>\n\t<meta property=\"og:image:height\" content=\"500\" \/>\n\t<meta property=\"og:image:type\" content=\"image\/png\" \/>\n<meta name=\"author\" content=\"Marie Devaux\" \/>\n<meta name=\"twitter:card\" content=\"summary_large_image\" \/>\n<script type=\"application\/ld+json\" class=\"yoast-schema-graph\">{\"@context\":\"https:\/\/schema.org\",\"@graph\":[{\"@type\":\"NewsArticle\",\"@id\":\"https:\/\/herberiedelatille.fr\/blog\/fleurs-et-plantes\/cueillette-sauvage-et-balade-en-pleine-nature-equipement-et-bonne-atti\/#article\",\"isPartOf\":{\"@id\":\"https:\/\/herberiedelatille.fr\/blog\/fleurs-et-plantes\/cueillette-sauvage-et-balade-en-pleine-nature-equipement-et-bonne-atti\/\"},\"author\":{\"name\":\"Marie Devaux\",\"@id\":\"https:\/\/herberiedelatille.fr\/blog\/#\/schema\/person\/343e6b39707ad21901b3bb19e5db6bb5\"},\"headline\":\"Cueillette sauvage et balade en pleine nature : \u00e9quipement et bonne attitude\",\"datePublished\":\"2026-06-08T10:56:14+00:00\",\"dateModified\":\"2026-06-08T11:22:50+00:00\",\"mainEntityOfPage\":{\"@id\":\"https:\/\/herberiedelatille.fr\/blog\/fleurs-et-plantes\/cueillette-sauvage-et-balade-en-pleine-nature-equipement-et-bonne-atti\/\"},\"wordCount\":2354,\"commentCount\":0,\"publisher\":{\"@id\":\"https:\/\/herberiedelatille.fr\/blog\/#organization\"},\"image\":{\"@id\":\"https:\/\/herberiedelatille.fr\/blog\/fleurs-et-plantes\/cueillette-sauvage-et-balade-en-pleine-nature-equipement-et-bonne-atti\/#primaryimage\"},\"thumbnailUrl\":\"https:\/\/herberiedelatille.fr\/blog\/wp-content\/uploads\/2026\/06\/sdxl-4fb88e127dd971fb911a5a33a3aac220-scaled.png\",\"articleSection\":[\"Fleurs et Plantes\"],\"inLanguage\":\"fr-FR\",\"potentialAction\":[{\"@type\":\"CommentAction\",\"name\":\"Comment\",\"target\":[\"https:\/\/herberiedelatille.fr\/blog\/fleurs-et-plantes\/cueillette-sauvage-et-balade-en-pleine-nature-equipement-et-bonne-atti\/#respond\"]}]},{\"@type\":\"WebPage\",\"@id\":\"https:\/\/herberiedelatille.fr\/blog\/fleurs-et-plantes\/cueillette-sauvage-et-balade-en-pleine-nature-equipement-et-bonne-atti\/\",\"url\":\"https:\/\/herberiedelatille.fr\/blog\/fleurs-et-plantes\/cueillette-sauvage-et-balade-en-pleine-nature-equipement-et-bonne-atti\/\",\"name\":\"Cueillette sauvage : \u00e9quipement et bonnes pratiques\",\"isPartOf\":{\"@id\":\"https:\/\/herberiedelatille.fr\/blog\/#website\"},\"primaryImageOfPage\":{\"@id\":\"https:\/\/herberiedelatille.fr\/blog\/fleurs-et-plantes\/cueillette-sauvage-et-balade-en-pleine-nature-equipement-et-bonne-atti\/#primaryimage\"},\"image\":{\"@id\":\"https:\/\/herberiedelatille.fr\/blog\/fleurs-et-plantes\/cueillette-sauvage-et-balade-en-pleine-nature-equipement-et-bonne-atti\/#primaryimage\"},\"thumbnailUrl\":\"https:\/\/herberiedelatille.fr\/blog\/wp-content\/uploads\/2026\/06\/sdxl-4fb88e127dd971fb911a5a33a3aac220-scaled.png\",\"datePublished\":\"2026-06-08T10:56:14+00:00\",\"dateModified\":\"2026-06-08T11:22:50+00:00\",\"description\":\"Cueillette sauvage et balade en nature : quel \u00e9quipement pr\u00e9voir et quelles bonnes pratiques adopter pour r\u00e9colter en respectant les milieux.\",\"inLanguage\":\"fr-FR\",\"potentialAction\":[{\"@type\":\"ReadAction\",\"target\":[\"https:\/\/herberiedelatille.fr\/blog\/fleurs-et-plantes\/cueillette-sauvage-et-balade-en-pleine-nature-equipement-et-bonne-atti\/\"]}]},{\"@type\":\"ImageObject\",\"inLanguage\":\"fr-FR\",\"@id\":\"https:\/\/herberiedelatille.fr\/blog\/fleurs-et-plantes\/cueillette-sauvage-et-balade-en-pleine-nature-equipement-et-bonne-atti\/#primaryimage\",\"url\":\"https:\/\/herberiedelatille.fr\/blog\/wp-content\/uploads\/2026\/06\/sdxl-4fb88e127dd971fb911a5a33a3aac220-scaled.png\",\"contentUrl\":\"https:\/\/herberiedelatille.fr\/blog\/wp-content\/uploads\/2026\/06\/sdxl-4fb88e127dd971fb911a5a33a3aac220-scaled.png\",\"width\":1200,\"height\":500},{\"@type\":\"WebSite\",\"@id\":\"https:\/\/herberiedelatille.fr\/blog\/#website\",\"url\":\"https:\/\/herberiedelatille.fr\/blog\/\",\"name\":\"Herberie de la Tille\",\"description\":\"Le m\u00e9dia de la botanique pratique \u2014 plantes, herboristerie, identification\",\"publisher\":{\"@id\":\"https:\/\/herberiedelatille.fr\/blog\/#organization\"},\"alternateName\":\"Herberie de la Tille\",\"potentialAction\":[{\"@type\":\"SearchAction\",\"target\":{\"@type\":\"EntryPoint\",\"urlTemplate\":\"https:\/\/herberiedelatille.fr\/blog\/?s={search_term_string}\"},\"query-input\":{\"@type\":\"PropertyValueSpecification\",\"valueRequired\":true,\"valueName\":\"search_term_string\"}}],\"inLanguage\":\"fr-FR\"},{\"@type\":\"Organization\",\"@id\":\"https:\/\/herberiedelatille.fr\/blog\/#organization\",\"name\":\"Herberie de la Tille\",\"url\":\"https:\/\/herberiedelatille.fr\/blog\/\",\"logo\":{\"@type\":\"ImageObject\",\"inLanguage\":\"fr-FR\",\"@id\":\"https:\/\/herberiedelatille.fr\/blog\/#\/schema\/logo\/image\/\",\"url\":\"https:\/\/herberiedelatille.fr\/blog\/wp-content\/uploads\/2024\/12\/herberiedelatille.png\",\"contentUrl\":\"https:\/\/herberiedelatille.fr\/blog\/wp-content\/uploads\/2024\/12\/herberiedelatille.png\",\"width\":500,\"height\":500,\"caption\":\"Herberie de la Tille\"},\"image\":{\"@id\":\"https:\/\/herberiedelatille.fr\/blog\/#\/schema\/logo\/image\/\"}},{\"@type\":\"Person\",\"@id\":\"https:\/\/herberiedelatille.fr\/blog\/#\/schema\/person\/343e6b39707ad21901b3bb19e5db6bb5\",\"name\":\"Marie Devaux\",\"image\":{\"@type\":\"ImageObject\",\"inLanguage\":\"fr-FR\",\"@id\":\"https:\/\/herberiedelatille.fr\/blog\/#\/schema\/person\/image\/\",\"url\":\"https:\/\/secure.gravatar.com\/avatar\/?s=96&d=mm&r=g\",\"contentUrl\":\"https:\/\/secure.gravatar.com\/avatar\/?s=96&d=mm&r=g\",\"caption\":\"Marie Devaux\"},\"description\":\"La d\u00e9coration d'int\u00e9rieur est mon univers depuis plus de dix ans, du conseil en agencement \u00e0 l'\u00e9criture \u00e9ditoriale. Je me consacre surtout \u00e0 l'am\u00e9nagement des pi\u00e8ces de vie : choix du canap\u00e9 selon l'espace et l'usage, harmonie des couleurs, circulation, lumi\u00e8re naturelle et petites astuces qui rendent un salon vraiment accueillant. J'aime traiter la d\u00e9co comme un sujet concret, avec des fourchettes de prix r\u00e9alistes et des crit\u00e8res mesurables plut\u00f4t que des effets de mode. Avant de recommander un meuble ou une mati\u00e8re, je compare les mod\u00e8les, je v\u00e9rifie l'entretien dans la dur\u00e9e et je pense au quotidien des familles, enfants et animaux compris. Mon angle : un int\u00e9rieur qui se vit, pas seulement qui se photographie. Je tiens \u00e0 ce que chaque conseil soit applicable, que l'on r\u00e9nove un studio ou que l'on meuble une grande maison.\",\"sameAs\":[\"https:\/\/mariedevaux.fr\/\"],\"url\":\"https:\/\/herberiedelatille.fr\/blog\/auteur\/marie-d\/\"}]}<\/script>\n<!-- \/ Yoast SEO Premium plugin. -->","yoast_head_json":{"title":"Cueillette sauvage : \u00e9quipement et bonnes pratiques","description":"Cueillette sauvage et balade en nature : quel \u00e9quipement pr\u00e9voir et quelles bonnes pratiques adopter pour r\u00e9colter en respectant les milieux.","robots":{"index":"index","follow":"follow","max-snippet":"max-snippet:-1","max-image-preview":"max-image-preview:large","max-video-preview":"max-video-preview:-1"},"canonical":"https:\/\/herberiedelatille.fr\/blog\/fleurs-et-plantes\/cueillette-sauvage-et-balade-en-pleine-nature-equipement-et-bonne-atti\/","og_locale":"fr_FR","og_type":"article","og_title":"Cueillette sauvage : \u00e9quipement et bonnes pratiques","og_description":"Cueillette sauvage et balade en nature : quel \u00e9quipement pr\u00e9voir et quelles bonnes pratiques adopter pour r\u00e9colter en respectant les milieux.","og_url":"https:\/\/herberiedelatille.fr\/blog\/fleurs-et-plantes\/cueillette-sauvage-et-balade-en-pleine-nature-equipement-et-bonne-atti\/","og_site_name":"Herberie de la Tille","og_image":[{"width":1200,"height":500,"url":"https:\/\/herberiedelatille.fr\/blog\/wp-content\/uploads\/2026\/06\/sdxl-4fb88e127dd971fb911a5a33a3aac220-scaled.png","type":"image\/png"}],"author":"Marie Devaux","twitter_card":"summary_large_image","schema":{"@context":"https:\/\/schema.org","@graph":[{"@type":"NewsArticle","@id":"https:\/\/herberiedelatille.fr\/blog\/fleurs-et-plantes\/cueillette-sauvage-et-balade-en-pleine-nature-equipement-et-bonne-atti\/#article","isPartOf":{"@id":"https:\/\/herberiedelatille.fr\/blog\/fleurs-et-plantes\/cueillette-sauvage-et-balade-en-pleine-nature-equipement-et-bonne-atti\/"},"author":{"name":"Marie Devaux","@id":"https:\/\/herberiedelatille.fr\/blog\/#\/schema\/person\/343e6b39707ad21901b3bb19e5db6bb5"},"headline":"Cueillette sauvage et balade en pleine nature : \u00e9quipement et bonne attitude","datePublished":"2026-06-08T10:56:14+00:00","dateModified":"2026-06-08T11:22:50+00:00","mainEntityOfPage":{"@id":"https:\/\/herberiedelatille.fr\/blog\/fleurs-et-plantes\/cueillette-sauvage-et-balade-en-pleine-nature-equipement-et-bonne-atti\/"},"wordCount":2354,"commentCount":0,"publisher":{"@id":"https:\/\/herberiedelatille.fr\/blog\/#organization"},"image":{"@id":"https:\/\/herberiedelatille.fr\/blog\/fleurs-et-plantes\/cueillette-sauvage-et-balade-en-pleine-nature-equipement-et-bonne-atti\/#primaryimage"},"thumbnailUrl":"https:\/\/herberiedelatille.fr\/blog\/wp-content\/uploads\/2026\/06\/sdxl-4fb88e127dd971fb911a5a33a3aac220-scaled.png","articleSection":["Fleurs et Plantes"],"inLanguage":"fr-FR","potentialAction":[{"@type":"CommentAction","name":"Comment","target":["https:\/\/herberiedelatille.fr\/blog\/fleurs-et-plantes\/cueillette-sauvage-et-balade-en-pleine-nature-equipement-et-bonne-atti\/#respond"]}]},{"@type":"WebPage","@id":"https:\/\/herberiedelatille.fr\/blog\/fleurs-et-plantes\/cueillette-sauvage-et-balade-en-pleine-nature-equipement-et-bonne-atti\/","url":"https:\/\/herberiedelatille.fr\/blog\/fleurs-et-plantes\/cueillette-sauvage-et-balade-en-pleine-nature-equipement-et-bonne-atti\/","name":"Cueillette sauvage : \u00e9quipement et bonnes pratiques","isPartOf":{"@id":"https:\/\/herberiedelatille.fr\/blog\/#website"},"primaryImageOfPage":{"@id":"https:\/\/herberiedelatille.fr\/blog\/fleurs-et-plantes\/cueillette-sauvage-et-balade-en-pleine-nature-equipement-et-bonne-atti\/#primaryimage"},"image":{"@id":"https:\/\/herberiedelatille.fr\/blog\/fleurs-et-plantes\/cueillette-sauvage-et-balade-en-pleine-nature-equipement-et-bonne-atti\/#primaryimage"},"thumbnailUrl":"https:\/\/herberiedelatille.fr\/blog\/wp-content\/uploads\/2026\/06\/sdxl-4fb88e127dd971fb911a5a33a3aac220-scaled.png","datePublished":"2026-06-08T10:56:14+00:00","dateModified":"2026-06-08T11:22:50+00:00","description":"Cueillette sauvage et balade en nature : quel \u00e9quipement pr\u00e9voir et quelles bonnes pratiques adopter pour r\u00e9colter en respectant les milieux.","inLanguage":"fr-FR","potentialAction":[{"@type":"ReadAction","target":["https:\/\/herberiedelatille.fr\/blog\/fleurs-et-plantes\/cueillette-sauvage-et-balade-en-pleine-nature-equipement-et-bonne-atti\/"]}]},{"@type":"ImageObject","inLanguage":"fr-FR","@id":"https:\/\/herberiedelatille.fr\/blog\/fleurs-et-plantes\/cueillette-sauvage-et-balade-en-pleine-nature-equipement-et-bonne-atti\/#primaryimage","url":"https:\/\/herberiedelatille.fr\/blog\/wp-content\/uploads\/2026\/06\/sdxl-4fb88e127dd971fb911a5a33a3aac220-scaled.png","contentUrl":"https:\/\/herberiedelatille.fr\/blog\/wp-content\/uploads\/2026\/06\/sdxl-4fb88e127dd971fb911a5a33a3aac220-scaled.png","width":1200,"height":500},{"@type":"WebSite","@id":"https:\/\/herberiedelatille.fr\/blog\/#website","url":"https:\/\/herberiedelatille.fr\/blog\/","name":"Herberie de la Tille","description":"Le m\u00e9dia de la botanique pratique \u2014 plantes, herboristerie, identification","publisher":{"@id":"https:\/\/herberiedelatille.fr\/blog\/#organization"},"alternateName":"Herberie de la Tille","potentialAction":[{"@type":"SearchAction","target":{"@type":"EntryPoint","urlTemplate":"https:\/\/herberiedelatille.fr\/blog\/?s={search_term_string}"},"query-input":{"@type":"PropertyValueSpecification","valueRequired":true,"valueName":"search_term_string"}}],"inLanguage":"fr-FR"},{"@type":"Organization","@id":"https:\/\/herberiedelatille.fr\/blog\/#organization","name":"Herberie de la Tille","url":"https:\/\/herberiedelatille.fr\/blog\/","logo":{"@type":"ImageObject","inLanguage":"fr-FR","@id":"https:\/\/herberiedelatille.fr\/blog\/#\/schema\/logo\/image\/","url":"https:\/\/herberiedelatille.fr\/blog\/wp-content\/uploads\/2024\/12\/herberiedelatille.png","contentUrl":"https:\/\/herberiedelatille.fr\/blog\/wp-content\/uploads\/2024\/12\/herberiedelatille.png","width":500,"height":500,"caption":"Herberie de la Tille"},"image":{"@id":"https:\/\/herberiedelatille.fr\/blog\/#\/schema\/logo\/image\/"}},{"@type":"Person","@id":"https:\/\/herberiedelatille.fr\/blog\/#\/schema\/person\/343e6b39707ad21901b3bb19e5db6bb5","name":"Marie Devaux","image":{"@type":"ImageObject","inLanguage":"fr-FR","@id":"https:\/\/herberiedelatille.fr\/blog\/#\/schema\/person\/image\/","url":"https:\/\/secure.gravatar.com\/avatar\/?s=96&d=mm&r=g","contentUrl":"https:\/\/secure.gravatar.com\/avatar\/?s=96&d=mm&r=g","caption":"Marie Devaux"},"description":"La d\u00e9coration d'int\u00e9rieur est mon univers depuis plus de dix ans, du conseil en agencement \u00e0 l'\u00e9criture \u00e9ditoriale. Je me consacre surtout \u00e0 l'am\u00e9nagement des pi\u00e8ces de vie : choix du canap\u00e9 selon l'espace et l'usage, harmonie des couleurs, circulation, lumi\u00e8re naturelle et petites astuces qui rendent un salon vraiment accueillant. J'aime traiter la d\u00e9co comme un sujet concret, avec des fourchettes de prix r\u00e9alistes et des crit\u00e8res mesurables plut\u00f4t que des effets de mode. Avant de recommander un meuble ou une mati\u00e8re, je compare les mod\u00e8les, je v\u00e9rifie l'entretien dans la dur\u00e9e et je pense au quotidien des familles, enfants et animaux compris. Mon angle : un int\u00e9rieur qui se vit, pas seulement qui se photographie. Je tiens \u00e0 ce que chaque conseil soit applicable, que l'on r\u00e9nove un studio ou que l'on meuble une grande maison.","sameAs":["https:\/\/mariedevaux.fr\/"],"url":"https:\/\/herberiedelatille.fr\/blog\/auteur\/marie-d\/"}]}},"_links":{"self":[{"href":"https:\/\/herberiedelatille.fr\/blog\/wp-json\/wp\/v2\/posts\/7815","targetHints":{"allow":["GET"]}}],"collection":[{"href":"https:\/\/herberiedelatille.fr\/blog\/wp-json\/wp\/v2\/posts"}],"about":[{"href":"https:\/\/herberiedelatille.fr\/blog\/wp-json\/wp\/v2\/types\/post"}],"author":[{"embeddable":true,"href":"https:\/\/herberiedelatille.fr\/blog\/wp-json\/wp\/v2\/users\/39"}],"replies":[{"embeddable":true,"href":"https:\/\/herberiedelatille.fr\/blog\/wp-json\/wp\/v2\/comments?post=7815"}],"version-history":[{"count":3,"href":"https:\/\/herberiedelatille.fr\/blog\/wp-json\/wp\/v2\/posts\/7815\/revisions"}],"predecessor-version":[{"id":7818,"href":"https:\/\/herberiedelatille.fr\/blog\/wp-json\/wp\/v2\/posts\/7815\/revisions\/7818"}],"wp:featuredmedia":[{"embeddable":true,"href":"https:\/\/herberiedelatille.fr\/blog\/wp-json\/wp\/v2\/media\/7830"}],"wp:attachment":[{"href":"https:\/\/herberiedelatille.fr\/blog\/wp-json\/wp\/v2\/media?parent=7815"}],"wp:term":[{"taxonomy":"category","embeddable":true,"href":"https:\/\/herberiedelatille.fr\/blog\/wp-json\/wp\/v2\/categories?post=7815"},{"taxonomy":"post_tag","embeddable":true,"href":"https:\/\/herberiedelatille.fr\/blog\/wp-json\/wp\/v2\/tags?post=7815"}],"curies":[{"name":"wp","href":"https:\/\/api.w.org\/{rel}","templated":true}]}}