{"id":7879,"date":"2026-07-16T19:47:45","date_gmt":"2026-07-16T17:47:45","guid":{"rendered":"https:\/\/herberiedelatille.fr\/blog\/potager\/carre-des-aromates\/comment-conserver-le-basilic-frais-et-garder-vivant-le-pot-du-supermarche\/"},"modified":"2026-07-16T19:49:46","modified_gmt":"2026-07-16T17:49:46","slug":"comment-conserver-le-basilic-frais-et-garder-vivant-le-pot-du-supermarche","status":"publish","type":"post","link":"https:\/\/herberiedelatille.fr\/blog\/potager\/carre-des-aromates\/comment-conserver-le-basilic-frais-et-garder-vivant-le-pot-du-supermarche\/","title":{"rendered":"Comment conserver le basilic frais (et garder vivant le pot du supermarch\u00e9) ?"},"content":{"rendered":"<p><strong>Pour conserver le basilic frais, placez les tiges coup\u00e9es dans un verre d&rsquo;eau \u00e0 temp\u00e9rature ambiante, comme un bouquet : elles restent belles 5 \u00e0 7 jours, alors qu&rsquo;au r\u00e9frig\u00e9rateur les feuilles noircissent en 1 \u00e0 2 jours.<\/strong> Le basilic est une plante de climat chaud : le froid du frigo l&rsquo;ab\u00eeme plus vite qu&rsquo;il ne le pr\u00e9serve. Quant au pot achet\u00e9 au supermarch\u00e9, il peut vivre des mois\u2026 \u00e0 condition de comprendre ce qu&rsquo;il est vraiment.<\/p>\n<h2>Pourquoi le pot du supermarch\u00e9 meurt toujours<\/h2>\n<p>Un pot de basilic de supermarch\u00e9 n&rsquo;est pas une plante, mais des dizaines de semis serr\u00e9s dans un petit volume de terreau, pouss\u00e9s vite pour \u00eatre vendus vite. Livr\u00e9es \u00e0 elles-m\u00eames, ces tiges se concurrencent pour l&rsquo;eau et la lumi\u00e8re : le pot s&rsquo;effondre en une \u00e0 deux semaines, et ce n&rsquo;est pas de votre faute. Pour le sauver, sortez la motte, s\u00e9parez-la d\u00e9licatement en 3 ou 4 touffes, et rempotez chaque touffe dans son propre pot avec du terreau frais. Placez en pleine lumi\u00e8re (sans soleil br\u00fblant derri\u00e8re une vitre) et arrosez quand la surface s\u00e8che, de pr\u00e9f\u00e9rence par le bas (soucoupe).<\/p>\n<h2>Les bonnes m\u00e9thodes selon la dur\u00e9e<\/h2>\n<table>\n<thead>\n<tr>\n<th>M\u00e9thode<\/th>\n<th>Dur\u00e9e indicative<\/th>\n<th>Pour quoi faire<\/th>\n<\/tr>\n<\/thead>\n<tbody>\n<tr>\n<td>Verre d&rsquo;eau, temp\u00e9rature ambiante<\/td>\n<td>5 \u00e0 7 jours<\/td>\n<td>Tiges coup\u00e9es, usage frais<\/td>\n<\/tr>\n<tr>\n<td>Pot divis\u00e9 et rempot\u00e9<\/td>\n<td>Plusieurs mois<\/td>\n<td>R\u00e9colte au fur et \u00e0 mesure<\/td>\n<\/tr>\n<tr>\n<td>Cong\u00e9lation (cisel\u00e9 ou gla\u00e7ons d&rsquo;huile)<\/td>\n<td>Plusieurs mois<\/td>\n<td>Plats cuisin\u00e9s, pistou<\/td>\n<\/tr>\n<tr>\n<td>Pesto \/ huile aromatis\u00e9e au frais<\/td>\n<td>Quelques jours \u00e0 quelques semaines<\/td>\n<td>Gros surplus d&rsquo;\u00e9t\u00e9<\/td>\n<\/tr>\n<\/tbody>\n<\/table>\n<p>Le s\u00e9chage, en revanche, est la mauvaise id\u00e9e du basilic : ses ar\u00f4mes sont port\u00e9s par des compos\u00e9s volatils qui disparaissent presque enti\u00e8rement une fois la feuille s\u00e8che.<\/p>\n<h2>Les gestes qui prolongent la r\u00e9colte<\/h2>\n<p>Ne cueillez jamais feuille \u00e0 feuille par le bas : pincez les tiges au-dessus d&rsquo;une paire de feuilles, ce qui force la plante \u00e0 se ramifier. Supprimez les fleurs d\u00e8s qu&rsquo;elles apparaissent, car la mont\u00e9e en graines signe la fin de la production de feuilles tendres.<\/p>\n<details>\n<summary>Comment conserver le basilic frais au frigo ?<\/summary>\n<p>Si vous devez vraiment le r\u00e9frig\u00e9rer, enroulez les tiges dans un papier absorbant \u00e0 peine humide, dans une bo\u00eete herm\u00e9tique, bac \u00e0 l\u00e9gumes. Comptez 2 \u00e0 4 jours maximum : le froid reste son ennemi.<\/p>\n<\/details>\n<details>\n<summary>Comment conserver le basilic pour l&rsquo;hiver ?<\/summary>\n<p>La cong\u00e9lation est la meilleure option : feuilles cisel\u00e9es \u00e0 sec ou mix\u00e9es avec de l&rsquo;huile d&rsquo;olive en bac \u00e0 gla\u00e7ons. Le pesto congel\u00e9 fonctionne aussi tr\u00e8s bien.<\/p>\n<\/details>\n<details>\n<summary>Que faire avec beaucoup de basilic ?<\/summary>\n<p>Pesto ou pistou en priorit\u00e9, huile aromatis\u00e9e conserv\u00e9e au frais et consomm\u00e9e rapidement, ou gla\u00e7ons d&rsquo;huile au cong\u00e9lateur pour cuisiner toute l&rsquo;ann\u00e9e.<\/p>\n<\/details>\n<details>\n<summary>Peut-on congeler le basilic frais directement ?<\/summary>\n<p>Oui, mais les feuilles enti\u00e8res noircissent et ramollissent \u00e0 la d\u00e9cong\u00e9lation. Cisel\u00e9 ou en gla\u00e7ons d&rsquo;huile, le r\u00e9sultat est bien meilleur dans les plats chauds.<\/p>\n<\/details>\n<h2>\u00c0 lire aussi<\/h2>\n<ul>\n<li><a href=\"https:\/\/herberiedelatille.fr\/blog\/potager\/carre-des-aromates\/herbes-aromatiques-le-guide-pratique-de-la-cuisine-au-jardin\/\">Herbes aromatiques : le guide pratique, de la cuisine au jardin<\/a><\/li>\n<li><a href=\"https:\/\/herberiedelatille.fr\/blog\/potager\/carre-des-aromates\/comment-tailler-le-basilic-pour-quil-repousse\/\">Comment tailler le basilic pour qu&rsquo;il repousse ?<\/a><\/li>\n<li><a href=\"https:\/\/herberiedelatille.fr\/blog\/potager\/carre-des-aromates\/peut-on-congeler-les-herbes-aromatiques-fraiches\/\">Peut-on congeler les herbes aromatiques fra\u00eeches ?<\/a><\/li>\n<li><a href=\"https:\/\/herberiedelatille.fr\/blog\/potager\/carre-des-aromates\/comment-faire-secher-ses-herbes-aromatiques-menthe-thym-laurier\/\">Comment faire s\u00e9cher ses herbes aromatiques (menthe, thym, laurier\u2026) ?<\/a><\/li>\n<\/ul>\n","protected":false},"excerpt":{"rendered":"","protected":false},"author":42,"featured_media":999999999,"comment_status":"open","ping_status":"open","sticky":false,"template":"","format":"standard","meta":{"_acf_changed":false,"manual_indexmenow":false,"indexmenow_id_project":0,"footnotes":""},"categories":[4616],"tags":[],"class_list":["post-7879","post","type-post","status-publish","format-standard","has-post-thumbnail","hentry","category-carre-des-aromates","generate-columns","tablet-grid-50","mobile-grid-100","grid-parent","grid-25"],"acf":[],"yoast_head":"<!-- This site is optimized with the Yoast SEO Premium plugin v21.3 (Yoast SEO v25.6) - https:\/\/yoast.com\/wordpress\/plugins\/seo\/ -->\n<title>Comment conserver le basilic frais (et garder vivant le pot du supermarch\u00e9) ?<\/title>\n<meta name=\"description\" content=\"Pour conserver le basilic frais, placez les tiges coup\u00e9es dans un verre d&#039;eau \u00e0 temp\u00e9rature ambiante, comme un bouquet : elles restent belles 5 \u00e0 7 jours,\" \/>\n<meta name=\"robots\" content=\"index, follow, max-snippet:-1, max-image-preview:large, max-video-preview:-1\" \/>\n<link rel=\"canonical\" href=\"https:\/\/herberiedelatille.fr\/blog\/potager\/carre-des-aromates\/comment-conserver-le-basilic-frais-et-garder-vivant-le-pot-du-supermarche\/\" \/>\n<meta property=\"og:locale\" content=\"fr_FR\" \/>\n<meta property=\"og:type\" content=\"article\" \/>\n<meta property=\"og:title\" content=\"Comment conserver le basilic frais (et garder vivant le pot du supermarch\u00e9) ?\" \/>\n<meta property=\"og:description\" content=\"Pour conserver le basilic frais, placez les tiges coup\u00e9es dans un verre d&#039;eau \u00e0 temp\u00e9rature ambiante, comme un bouquet : elles restent belles 5 \u00e0 7 jours,\" \/>\n<meta property=\"og:url\" content=\"https:\/\/herberiedelatille.fr\/blog\/potager\/carre-des-aromates\/comment-conserver-le-basilic-frais-et-garder-vivant-le-pot-du-supermarche\/\" \/>\n<meta property=\"og:site_name\" content=\"Herberie de la Tille\" \/>\n<meta name=\"author\" content=\"Antoine Bernard\" \/>\n<meta name=\"twitter:card\" content=\"summary_large_image\" \/>\n<script type=\"application\/ld+json\" class=\"yoast-schema-graph\">{\"@context\":\"https:\/\/schema.org\",\"@graph\":[{\"@type\":\"NewsArticle\",\"@id\":\"https:\/\/herberiedelatille.fr\/blog\/potager\/carre-des-aromates\/comment-conserver-le-basilic-frais-et-garder-vivant-le-pot-du-supermarche\/#article\",\"isPartOf\":{\"@id\":\"https:\/\/herberiedelatille.fr\/blog\/potager\/carre-des-aromates\/comment-conserver-le-basilic-frais-et-garder-vivant-le-pot-du-supermarche\/\"},\"author\":{\"name\":\"Antoine Bernard\",\"@id\":\"https:\/\/herberiedelatille.fr\/blog\/#\/schema\/person\/c0ae6942e0cc8b6ebd58dada6ee6c2af\"},\"headline\":\"Comment conserver le basilic frais (et garder vivant le pot du supermarch\u00e9) ?\",\"datePublished\":\"2026-07-16T17:47:45+00:00\",\"dateModified\":\"2026-07-16T17:49:46+00:00\",\"mainEntityOfPage\":{\"@id\":\"https:\/\/herberiedelatille.fr\/blog\/potager\/carre-des-aromates\/comment-conserver-le-basilic-frais-et-garder-vivant-le-pot-du-supermarche\/\"},\"wordCount\":557,\"commentCount\":0,\"publisher\":{\"@id\":\"https:\/\/herberiedelatille.fr\/blog\/#organization\"},\"image\":{\"@id\":\"https:\/\/herberiedelatille.fr\/blog\/potager\/carre-des-aromates\/comment-conserver-le-basilic-frais-et-garder-vivant-le-pot-du-supermarche\/#primaryimage\"},\"thumbnailUrl\":\"https:\/\/images.pexels.com\/photos\/19260757\/pexels-photo-19260757.jpeg?auto=compress&cs=tinysrgb&fit=crop&h=627&w=1200\",\"articleSection\":[\"Le carr\u00e9 des aromates\"],\"inLanguage\":\"fr-FR\",\"potentialAction\":[{\"@type\":\"CommentAction\",\"name\":\"Comment\",\"target\":[\"https:\/\/herberiedelatille.fr\/blog\/potager\/carre-des-aromates\/comment-conserver-le-basilic-frais-et-garder-vivant-le-pot-du-supermarche\/#respond\"]}]},{\"@type\":\"WebPage\",\"@id\":\"https:\/\/herberiedelatille.fr\/blog\/potager\/carre-des-aromates\/comment-conserver-le-basilic-frais-et-garder-vivant-le-pot-du-supermarche\/\",\"url\":\"https:\/\/herberiedelatille.fr\/blog\/potager\/carre-des-aromates\/comment-conserver-le-basilic-frais-et-garder-vivant-le-pot-du-supermarche\/\",\"name\":\"Comment conserver le basilic frais (et garder vivant le pot du supermarch\u00e9) ?\",\"isPartOf\":{\"@id\":\"https:\/\/herberiedelatille.fr\/blog\/#website\"},\"primaryImageOfPage\":{\"@id\":\"https:\/\/herberiedelatille.fr\/blog\/potager\/carre-des-aromates\/comment-conserver-le-basilic-frais-et-garder-vivant-le-pot-du-supermarche\/#primaryimage\"},\"image\":{\"@id\":\"https:\/\/herberiedelatille.fr\/blog\/potager\/carre-des-aromates\/comment-conserver-le-basilic-frais-et-garder-vivant-le-pot-du-supermarche\/#primaryimage\"},\"thumbnailUrl\":\"https:\/\/images.pexels.com\/photos\/19260757\/pexels-photo-19260757.jpeg?auto=compress&cs=tinysrgb&fit=crop&h=627&w=1200\",\"datePublished\":\"2026-07-16T17:47:45+00:00\",\"dateModified\":\"2026-07-16T17:49:46+00:00\",\"description\":\"Pour conserver le basilic frais, placez les tiges coup\u00e9es dans un verre d'eau \u00e0 temp\u00e9rature ambiante, comme un bouquet : elles restent belles 5 \u00e0 7 jours,\",\"inLanguage\":\"fr-FR\",\"potentialAction\":[{\"@type\":\"ReadAction\",\"target\":[\"https:\/\/herberiedelatille.fr\/blog\/potager\/carre-des-aromates\/comment-conserver-le-basilic-frais-et-garder-vivant-le-pot-du-supermarche\/\"]}]},{\"@type\":\"ImageObject\",\"inLanguage\":\"fr-FR\",\"@id\":\"https:\/\/herberiedelatille.fr\/blog\/potager\/carre-des-aromates\/comment-conserver-le-basilic-frais-et-garder-vivant-le-pot-du-supermarche\/#primaryimage\",\"url\":\"https:\/\/images.pexels.com\/photos\/19260757\/pexels-photo-19260757.jpeg?auto=compress&cs=tinysrgb&fit=crop&h=627&w=1200\",\"contentUrl\":\"https:\/\/images.pexels.com\/photos\/19260757\/pexels-photo-19260757.jpeg?auto=compress&cs=tinysrgb&fit=crop&h=627&w=1200\"},{\"@type\":\"WebSite\",\"@id\":\"https:\/\/herberiedelatille.fr\/blog\/#website\",\"url\":\"https:\/\/herberiedelatille.fr\/blog\/\",\"name\":\"Herberie de la Tille\",\"description\":\"Le m\u00e9dia de la botanique pratique \u2014 plantes, herboristerie, identification\",\"publisher\":{\"@id\":\"https:\/\/herberiedelatille.fr\/blog\/#organization\"},\"alternateName\":\"Herberie de la Tille\",\"potentialAction\":[{\"@type\":\"SearchAction\",\"target\":{\"@type\":\"EntryPoint\",\"urlTemplate\":\"https:\/\/herberiedelatille.fr\/blog\/?s={search_term_string}\"},\"query-input\":{\"@type\":\"PropertyValueSpecification\",\"valueRequired\":true,\"valueName\":\"search_term_string\"}}],\"inLanguage\":\"fr-FR\"},{\"@type\":\"Organization\",\"@id\":\"https:\/\/herberiedelatille.fr\/blog\/#organization\",\"name\":\"Herberie de la Tille\",\"url\":\"https:\/\/herberiedelatille.fr\/blog\/\",\"logo\":{\"@type\":\"ImageObject\",\"inLanguage\":\"fr-FR\",\"@id\":\"https:\/\/herberiedelatille.fr\/blog\/#\/schema\/logo\/image\/\",\"url\":\"https:\/\/herberiedelatille.fr\/blog\/wp-content\/uploads\/2024\/12\/herberiedelatille.png\",\"contentUrl\":\"https:\/\/herberiedelatille.fr\/blog\/wp-content\/uploads\/2024\/12\/herberiedelatille.png\",\"width\":500,\"height\":500,\"caption\":\"Herberie de la Tille\"},\"image\":{\"@id\":\"https:\/\/herberiedelatille.fr\/blog\/#\/schema\/logo\/image\/\"}},{\"@type\":\"Person\",\"@id\":\"https:\/\/herberiedelatille.fr\/blog\/#\/schema\/person\/c0ae6942e0cc8b6ebd58dada6ee6c2af\",\"name\":\"Antoine Bernard\",\"image\":{\"@type\":\"ImageObject\",\"inLanguage\":\"fr-FR\",\"@id\":\"https:\/\/herberiedelatille.fr\/blog\/#\/schema\/person\/image\/\",\"url\":\"https:\/\/secure.gravatar.com\/avatar\/?s=96&d=mm&r=g\",\"contentUrl\":\"https:\/\/secure.gravatar.com\/avatar\/?s=96&d=mm&r=g\",\"caption\":\"Antoine Bernard\"},\"description\":\"Photographe naturaliste et auteur.\",\"sameAs\":[\"https:\/\/bernardantoine.fr\/\"],\"url\":\"https:\/\/herberiedelatille.fr\/blog\/auteur\/antoine-bernard\/\",\"jobTitle\":\"Contributeur m\u00e9canique\",\"email\":\"antoine.bernard@autosmythiques57.fr\"}]}<\/script>\n<!-- \/ Yoast SEO Premium plugin. -->","yoast_head_json":{"title":"Comment conserver le basilic frais (et garder vivant le pot du supermarch\u00e9) ?","description":"Pour conserver le basilic frais, placez les tiges coup\u00e9es dans un verre d'eau \u00e0 temp\u00e9rature ambiante, comme un bouquet : elles restent belles 5 \u00e0 7 jours,","robots":{"index":"index","follow":"follow","max-snippet":"max-snippet:-1","max-image-preview":"max-image-preview:large","max-video-preview":"max-video-preview:-1"},"canonical":"https:\/\/herberiedelatille.fr\/blog\/potager\/carre-des-aromates\/comment-conserver-le-basilic-frais-et-garder-vivant-le-pot-du-supermarche\/","og_locale":"fr_FR","og_type":"article","og_title":"Comment conserver le basilic frais (et garder vivant le pot du supermarch\u00e9) ?","og_description":"Pour conserver le basilic frais, placez les tiges coup\u00e9es dans un verre d'eau \u00e0 temp\u00e9rature ambiante, comme un bouquet : elles restent belles 5 \u00e0 7 jours,","og_url":"https:\/\/herberiedelatille.fr\/blog\/potager\/carre-des-aromates\/comment-conserver-le-basilic-frais-et-garder-vivant-le-pot-du-supermarche\/","og_site_name":"Herberie de la Tille","author":"Antoine Bernard","twitter_card":"summary_large_image","schema":{"@context":"https:\/\/schema.org","@graph":[{"@type":"NewsArticle","@id":"https:\/\/herberiedelatille.fr\/blog\/potager\/carre-des-aromates\/comment-conserver-le-basilic-frais-et-garder-vivant-le-pot-du-supermarche\/#article","isPartOf":{"@id":"https:\/\/herberiedelatille.fr\/blog\/potager\/carre-des-aromates\/comment-conserver-le-basilic-frais-et-garder-vivant-le-pot-du-supermarche\/"},"author":{"name":"Antoine Bernard","@id":"https:\/\/herberiedelatille.fr\/blog\/#\/schema\/person\/c0ae6942e0cc8b6ebd58dada6ee6c2af"},"headline":"Comment conserver le basilic frais (et garder vivant le pot du supermarch\u00e9) ?","datePublished":"2026-07-16T17:47:45+00:00","dateModified":"2026-07-16T17:49:46+00:00","mainEntityOfPage":{"@id":"https:\/\/herberiedelatille.fr\/blog\/potager\/carre-des-aromates\/comment-conserver-le-basilic-frais-et-garder-vivant-le-pot-du-supermarche\/"},"wordCount":557,"commentCount":0,"publisher":{"@id":"https:\/\/herberiedelatille.fr\/blog\/#organization"},"image":{"@id":"https:\/\/herberiedelatille.fr\/blog\/potager\/carre-des-aromates\/comment-conserver-le-basilic-frais-et-garder-vivant-le-pot-du-supermarche\/#primaryimage"},"thumbnailUrl":"https:\/\/images.pexels.com\/photos\/19260757\/pexels-photo-19260757.jpeg?auto=compress&cs=tinysrgb&fit=crop&h=627&w=1200","articleSection":["Le carr\u00e9 des aromates"],"inLanguage":"fr-FR","potentialAction":[{"@type":"CommentAction","name":"Comment","target":["https:\/\/herberiedelatille.fr\/blog\/potager\/carre-des-aromates\/comment-conserver-le-basilic-frais-et-garder-vivant-le-pot-du-supermarche\/#respond"]}]},{"@type":"WebPage","@id":"https:\/\/herberiedelatille.fr\/blog\/potager\/carre-des-aromates\/comment-conserver-le-basilic-frais-et-garder-vivant-le-pot-du-supermarche\/","url":"https:\/\/herberiedelatille.fr\/blog\/potager\/carre-des-aromates\/comment-conserver-le-basilic-frais-et-garder-vivant-le-pot-du-supermarche\/","name":"Comment conserver le basilic frais (et garder vivant le pot du supermarch\u00e9) ?","isPartOf":{"@id":"https:\/\/herberiedelatille.fr\/blog\/#website"},"primaryImageOfPage":{"@id":"https:\/\/herberiedelatille.fr\/blog\/potager\/carre-des-aromates\/comment-conserver-le-basilic-frais-et-garder-vivant-le-pot-du-supermarche\/#primaryimage"},"image":{"@id":"https:\/\/herberiedelatille.fr\/blog\/potager\/carre-des-aromates\/comment-conserver-le-basilic-frais-et-garder-vivant-le-pot-du-supermarche\/#primaryimage"},"thumbnailUrl":"https:\/\/images.pexels.com\/photos\/19260757\/pexels-photo-19260757.jpeg?auto=compress&cs=tinysrgb&fit=crop&h=627&w=1200","datePublished":"2026-07-16T17:47:45+00:00","dateModified":"2026-07-16T17:49:46+00:00","description":"Pour conserver le basilic frais, placez les tiges coup\u00e9es dans un verre d'eau \u00e0 temp\u00e9rature ambiante, comme un bouquet : elles restent belles 5 \u00e0 7 jours,","inLanguage":"fr-FR","potentialAction":[{"@type":"ReadAction","target":["https:\/\/herberiedelatille.fr\/blog\/potager\/carre-des-aromates\/comment-conserver-le-basilic-frais-et-garder-vivant-le-pot-du-supermarche\/"]}]},{"@type":"ImageObject","inLanguage":"fr-FR","@id":"https:\/\/herberiedelatille.fr\/blog\/potager\/carre-des-aromates\/comment-conserver-le-basilic-frais-et-garder-vivant-le-pot-du-supermarche\/#primaryimage","url":"https:\/\/images.pexels.com\/photos\/19260757\/pexels-photo-19260757.jpeg?auto=compress&cs=tinysrgb&fit=crop&h=627&w=1200","contentUrl":"https:\/\/images.pexels.com\/photos\/19260757\/pexels-photo-19260757.jpeg?auto=compress&cs=tinysrgb&fit=crop&h=627&w=1200"},{"@type":"WebSite","@id":"https:\/\/herberiedelatille.fr\/blog\/#website","url":"https:\/\/herberiedelatille.fr\/blog\/","name":"Herberie de la Tille","description":"Le m\u00e9dia de la botanique pratique \u2014 plantes, herboristerie, identification","publisher":{"@id":"https:\/\/herberiedelatille.fr\/blog\/#organization"},"alternateName":"Herberie de la Tille","potentialAction":[{"@type":"SearchAction","target":{"@type":"EntryPoint","urlTemplate":"https:\/\/herberiedelatille.fr\/blog\/?s={search_term_string}"},"query-input":{"@type":"PropertyValueSpecification","valueRequired":true,"valueName":"search_term_string"}}],"inLanguage":"fr-FR"},{"@type":"Organization","@id":"https:\/\/herberiedelatille.fr\/blog\/#organization","name":"Herberie de la Tille","url":"https:\/\/herberiedelatille.fr\/blog\/","logo":{"@type":"ImageObject","inLanguage":"fr-FR","@id":"https:\/\/herberiedelatille.fr\/blog\/#\/schema\/logo\/image\/","url":"https:\/\/herberiedelatille.fr\/blog\/wp-content\/uploads\/2024\/12\/herberiedelatille.png","contentUrl":"https:\/\/herberiedelatille.fr\/blog\/wp-content\/uploads\/2024\/12\/herberiedelatille.png","width":500,"height":500,"caption":"Herberie de la Tille"},"image":{"@id":"https:\/\/herberiedelatille.fr\/blog\/#\/schema\/logo\/image\/"}},{"@type":"Person","@id":"https:\/\/herberiedelatille.fr\/blog\/#\/schema\/person\/c0ae6942e0cc8b6ebd58dada6ee6c2af","name":"Antoine Bernard","image":{"@type":"ImageObject","inLanguage":"fr-FR","@id":"https:\/\/herberiedelatille.fr\/blog\/#\/schema\/person\/image\/","url":"https:\/\/secure.gravatar.com\/avatar\/?s=96&d=mm&r=g","contentUrl":"https:\/\/secure.gravatar.com\/avatar\/?s=96&d=mm&r=g","caption":"Antoine Bernard"},"description":"Photographe naturaliste et auteur.","sameAs":["https:\/\/bernardantoine.fr\/"],"url":"https:\/\/herberiedelatille.fr\/blog\/auteur\/antoine-bernard\/","jobTitle":"Contributeur m\u00e9canique","email":"antoine.bernard@autosmythiques57.fr"}]}},"_links":{"self":[{"href":"https:\/\/herberiedelatille.fr\/blog\/wp-json\/wp\/v2\/posts\/7879","targetHints":{"allow":["GET"]}}],"collection":[{"href":"https:\/\/herberiedelatille.fr\/blog\/wp-json\/wp\/v2\/posts"}],"about":[{"href":"https:\/\/herberiedelatille.fr\/blog\/wp-json\/wp\/v2\/types\/post"}],"author":[{"embeddable":true,"href":"https:\/\/herberiedelatille.fr\/blog\/wp-json\/wp\/v2\/users\/42"}],"replies":[{"embeddable":true,"href":"https:\/\/herberiedelatille.fr\/blog\/wp-json\/wp\/v2\/comments?post=7879"}],"version-history":[{"count":1,"href":"https:\/\/herberiedelatille.fr\/blog\/wp-json\/wp\/v2\/posts\/7879\/revisions"}],"predecessor-version":[{"id":7892,"href":"https:\/\/herberiedelatille.fr\/blog\/wp-json\/wp\/v2\/posts\/7879\/revisions\/7892"}],"wp:attachment":[{"href":"https:\/\/herberiedelatille.fr\/blog\/wp-json\/wp\/v2\/media?parent=7879"}],"wp:term":[{"taxonomy":"category","embeddable":true,"href":"https:\/\/herberiedelatille.fr\/blog\/wp-json\/wp\/v2\/categories?post=7879"},{"taxonomy":"post_tag","embeddable":true,"href":"https:\/\/herberiedelatille.fr\/blog\/wp-json\/wp\/v2\/tags?post=7879"}],"curies":[{"name":"wp","href":"https:\/\/api.w.org\/{rel}","templated":true}]}}