{"id":7880,"date":"2026-07-16T19:47:50","date_gmt":"2026-07-16T17:47:50","guid":{"rendered":"https:\/\/herberiedelatille.fr\/blog\/potager\/carre-des-aromates\/comment-tailler-le-basilic-pour-quil-repousse\/"},"modified":"2026-07-16T19:49:50","modified_gmt":"2026-07-16T17:49:50","slug":"comment-tailler-le-basilic-pour-quil-repousse","status":"publish","type":"post","link":"https:\/\/herberiedelatille.fr\/blog\/potager\/carre-des-aromates\/comment-tailler-le-basilic-pour-quil-repousse\/","title":{"rendered":"Comment tailler le basilic pour qu&rsquo;il repousse ?"},"content":{"rendered":"<p><strong>Pour que le basilic repousse, taillez toujours la tige au-dessus d&rsquo;une paire de feuilles : deux nouvelles pousses partiront de ce point, doublant le nombre de tiges \u00e0 chaque pincement.<\/strong> C&rsquo;est le geste inverse de ce que font la plupart des d\u00e9butants, qui effeuillent la plante par le bas jusqu&rsquo;\u00e0 obtenir une tige nue incapable de se r\u00e9g\u00e9n\u00e9rer.<\/p>\n<h2>Le bon geste, pas \u00e0 pas<\/h2>\n<p>Rep\u00e9rez une tige d&rsquo;au moins 15 cm portant 3 \u00e9tages de feuilles. Avec les doigts ou de petits ciseaux, coupez la t\u00eate juste au-dessus de la deuxi\u00e8me ou troisi\u00e8me paire de feuilles en partant du haut. \u00c0 l&rsquo;aisselle de chaque feuille conserv\u00e9e se trouve un bourgeon dormant : priv\u00e9 de sa t\u00eate, le plant r\u00e9veille ces bourgeons et se ramifie. En r\u00e9p\u00e9tant l&rsquo;op\u00e9ration toutes les 1 \u00e0 2 semaines en \u00e9t\u00e9, une seule tige devient un buisson compact.<\/p>\n<table>\n<thead>\n<tr>\n<th>Geste<\/th>\n<th>Quand<\/th>\n<th>Effet<\/th>\n<\/tr>\n<\/thead>\n<tbody>\n<tr>\n<td>Pincer la t\u00eate au-dessus d&rsquo;une paire de feuilles<\/td>\n<td>D\u00e8s 15 cm, puis toutes les 1-2 semaines<\/td>\n<td>Ramification, plant touffu<\/td>\n<\/tr>\n<tr>\n<td>Supprimer les boutons floraux<\/td>\n<td>D\u00e8s leur apparition<\/td>\n<td>Prolonge la production de feuilles<\/td>\n<\/tr>\n<tr>\n<td>Effeuiller par le bas<\/td>\n<td>\u00c0 \u00e9viter<\/td>\n<td>Tige nue qui s&rsquo;\u00e9puise<\/td>\n<\/tr>\n<tr>\n<td>R\u00e9colte s\u00e9v\u00e8re (moiti\u00e9 du plant)<\/td>\n<td>En cas de gros besoin<\/td>\n<td>Repousse possible mais plus lente<\/td>\n<\/tr>\n<\/tbody>\n<\/table>\n<h2>Pourquoi il ne faut pas laisser fleurir<\/h2>\n<p>Quand le basilic fleurit, il consacre son \u00e9nergie aux graines : les feuilles deviennent plus petites, plus dures et plus am\u00e8res. Pincez les \u00e9pis floraux d\u00e8s qu&rsquo;ils se forment. Si la floraison est d\u00e9j\u00e0 avanc\u00e9e, rabattez les tiges concern\u00e9es d&rsquo;un tiers : le plant repart g\u00e9n\u00e9ralement en v\u00e9g\u00e9tation.<\/p>\n<h2>R\u00e9colter sans \u00e9puiser le plant<\/h2>\n<p>Pr\u00e9levez au maximum un tiers du feuillage \u00e0 la fois et laissez toujours au moins deux paires de feuilles saines par tige. Un plant pinc\u00e9 r\u00e9guli\u00e8rement et arros\u00e9 sans exc\u00e8s produit de la fin du printemps jusqu&rsquo;aux premiers froids \u2014 le basilic ne survit pas \u00e0 l&rsquo;hiver dehors, c&rsquo;est une annuelle sous nos climats.<\/p>\n<details>\n<summary>Comment pincer le basilic sans outil ?<\/summary>\n<p>Entre le pouce et l&rsquo;index, en \u00e9crasant proprement la tige tendre juste au-dessus d&rsquo;une paire de feuilles. Sur les tiges devenues ligneuses, pr\u00e9f\u00e9rez des ciseaux propres.<\/p>\n<\/details>\n<details>\n<summary>Comment cueillir le basilic pour la cuisine ?<\/summary>\n<p>Pr\u00e9levez des t\u00eates enti\u00e8res (les jeunes feuilles du sommet sont les plus parfum\u00e9es) plut\u00f4t que des feuilles isol\u00e9es : vous r\u00e9coltez et taillez en un seul geste.<\/p>\n<\/details>\n<details>\n<summary>Mon basilic a fleuri, est-il perdu ?<\/summary>\n<p>Non. Les feuilles restent comestibles, juste moins parfum\u00e9es. Rabattez les tiges fleuries d&rsquo;un tiers, arrosez, et de nouvelles pousses tendres apparaissent en une \u00e0 deux semaines.<\/p>\n<\/details>\n<h2>\u00c0 lire aussi<\/h2>\n<ul>\n<li><a href=\"https:\/\/herberiedelatille.fr\/blog\/potager\/carre-des-aromates\/herbes-aromatiques-le-guide-pratique-de-la-cuisine-au-jardin\/\">Herbes aromatiques : le guide pratique, de la cuisine au jardin<\/a><\/li>\n<li><a href=\"https:\/\/herberiedelatille.fr\/blog\/potager\/carre-des-aromates\/comment-conserver-le-basilic-frais-et-garder-vivant-le-pot-du-supermarche\/\">Comment conserver le basilic frais (et garder vivant le pot du supermarch\u00e9) ?<\/a><\/li>\n<li><a href=\"https:\/\/herberiedelatille.fr\/blog\/potager\/carre-des-aromates\/comment-couper-la-ciboulette-pour-quelle-repousse\/\">Comment couper la ciboulette pour qu&rsquo;elle repousse ?<\/a><\/li>\n<li><a href=\"https:\/\/herberiedelatille.fr\/blog\/potager\/carre-des-aromates\/comment-planter-la-menthe-et-pourquoi-toujours-en-pot\/\">Comment planter la menthe \u2014 et pourquoi toujours en pot ?<\/a><\/li>\n<\/ul>\n","protected":false},"excerpt":{"rendered":"","protected":false},"author":42,"featured_media":999999999,"comment_status":"open","ping_status":"open","sticky":false,"template":"","format":"standard","meta":{"_acf_changed":false,"manual_indexmenow":false,"indexmenow_id_project":0,"footnotes":""},"categories":[4616],"tags":[],"class_list":["post-7880","post","type-post","status-publish","format-standard","has-post-thumbnail","hentry","category-carre-des-aromates","generate-columns","tablet-grid-50","mobile-grid-100","grid-parent","grid-25"],"acf":[],"yoast_head":"<!-- This site is optimized with the Yoast SEO Premium plugin v21.3 (Yoast SEO v25.6) - https:\/\/yoast.com\/wordpress\/plugins\/seo\/ -->\n<title>Comment tailler le basilic pour qu&#039;il repousse ?<\/title>\n<meta name=\"description\" content=\"Pour que le basilic repousse, taillez toujours la tige au-dessus d&#039;une paire de feuilles : deux nouvelles pousses partiront de ce point, doublant le\" \/>\n<meta name=\"robots\" content=\"index, follow, max-snippet:-1, max-image-preview:large, max-video-preview:-1\" \/>\n<link rel=\"canonical\" href=\"https:\/\/herberiedelatille.fr\/blog\/potager\/carre-des-aromates\/comment-tailler-le-basilic-pour-quil-repousse\/\" \/>\n<meta property=\"og:locale\" content=\"fr_FR\" \/>\n<meta property=\"og:type\" content=\"article\" \/>\n<meta property=\"og:title\" content=\"Comment tailler le basilic pour qu&#039;il repousse ?\" \/>\n<meta property=\"og:description\" content=\"Pour que le basilic repousse, taillez toujours la tige au-dessus d&#039;une paire de feuilles : deux nouvelles pousses partiront de ce point, doublant le\" \/>\n<meta property=\"og:url\" content=\"https:\/\/herberiedelatille.fr\/blog\/potager\/carre-des-aromates\/comment-tailler-le-basilic-pour-quil-repousse\/\" \/>\n<meta property=\"og:site_name\" content=\"Herberie de la Tille\" \/>\n<meta name=\"author\" content=\"Antoine Bernard\" \/>\n<meta name=\"twitter:card\" content=\"summary_large_image\" \/>\n<script type=\"application\/ld+json\" class=\"yoast-schema-graph\">{\"@context\":\"https:\/\/schema.org\",\"@graph\":[{\"@type\":\"NewsArticle\",\"@id\":\"https:\/\/herberiedelatille.fr\/blog\/potager\/carre-des-aromates\/comment-tailler-le-basilic-pour-quil-repousse\/#article\",\"isPartOf\":{\"@id\":\"https:\/\/herberiedelatille.fr\/blog\/potager\/carre-des-aromates\/comment-tailler-le-basilic-pour-quil-repousse\/\"},\"author\":{\"name\":\"Antoine Bernard\",\"@id\":\"https:\/\/herberiedelatille.fr\/blog\/#\/schema\/person\/c0ae6942e0cc8b6ebd58dada6ee6c2af\"},\"headline\":\"Comment tailler le basilic pour qu&rsquo;il repousse ?\",\"datePublished\":\"2026-07-16T17:47:50+00:00\",\"dateModified\":\"2026-07-16T17:49:50+00:00\",\"mainEntityOfPage\":{\"@id\":\"https:\/\/herberiedelatille.fr\/blog\/potager\/carre-des-aromates\/comment-tailler-le-basilic-pour-quil-repousse\/\"},\"wordCount\":502,\"commentCount\":0,\"publisher\":{\"@id\":\"https:\/\/herberiedelatille.fr\/blog\/#organization\"},\"image\":{\"@id\":\"https:\/\/herberiedelatille.fr\/blog\/potager\/carre-des-aromates\/comment-tailler-le-basilic-pour-quil-repousse\/#primaryimage\"},\"thumbnailUrl\":\"https:\/\/images.pexels.com\/photos\/9025063\/pexels-photo-9025063.jpeg?auto=compress&cs=tinysrgb&fit=crop&h=627&w=1200\",\"articleSection\":[\"Le carr\u00e9 des aromates\"],\"inLanguage\":\"fr-FR\",\"potentialAction\":[{\"@type\":\"CommentAction\",\"name\":\"Comment\",\"target\":[\"https:\/\/herberiedelatille.fr\/blog\/potager\/carre-des-aromates\/comment-tailler-le-basilic-pour-quil-repousse\/#respond\"]}]},{\"@type\":\"WebPage\",\"@id\":\"https:\/\/herberiedelatille.fr\/blog\/potager\/carre-des-aromates\/comment-tailler-le-basilic-pour-quil-repousse\/\",\"url\":\"https:\/\/herberiedelatille.fr\/blog\/potager\/carre-des-aromates\/comment-tailler-le-basilic-pour-quil-repousse\/\",\"name\":\"Comment tailler le basilic pour qu'il repousse ?\",\"isPartOf\":{\"@id\":\"https:\/\/herberiedelatille.fr\/blog\/#website\"},\"primaryImageOfPage\":{\"@id\":\"https:\/\/herberiedelatille.fr\/blog\/potager\/carre-des-aromates\/comment-tailler-le-basilic-pour-quil-repousse\/#primaryimage\"},\"image\":{\"@id\":\"https:\/\/herberiedelatille.fr\/blog\/potager\/carre-des-aromates\/comment-tailler-le-basilic-pour-quil-repousse\/#primaryimage\"},\"thumbnailUrl\":\"https:\/\/images.pexels.com\/photos\/9025063\/pexels-photo-9025063.jpeg?auto=compress&cs=tinysrgb&fit=crop&h=627&w=1200\",\"datePublished\":\"2026-07-16T17:47:50+00:00\",\"dateModified\":\"2026-07-16T17:49:50+00:00\",\"description\":\"Pour que le basilic repousse, taillez toujours la tige au-dessus d'une paire de feuilles : deux nouvelles pousses partiront de ce point, doublant le\",\"inLanguage\":\"fr-FR\",\"potentialAction\":[{\"@type\":\"ReadAction\",\"target\":[\"https:\/\/herberiedelatille.fr\/blog\/potager\/carre-des-aromates\/comment-tailler-le-basilic-pour-quil-repousse\/\"]}]},{\"@type\":\"ImageObject\",\"inLanguage\":\"fr-FR\",\"@id\":\"https:\/\/herberiedelatille.fr\/blog\/potager\/carre-des-aromates\/comment-tailler-le-basilic-pour-quil-repousse\/#primaryimage\",\"url\":\"https:\/\/images.pexels.com\/photos\/9025063\/pexels-photo-9025063.jpeg?auto=compress&cs=tinysrgb&fit=crop&h=627&w=1200\",\"contentUrl\":\"https:\/\/images.pexels.com\/photos\/9025063\/pexels-photo-9025063.jpeg?auto=compress&cs=tinysrgb&fit=crop&h=627&w=1200\"},{\"@type\":\"WebSite\",\"@id\":\"https:\/\/herberiedelatille.fr\/blog\/#website\",\"url\":\"https:\/\/herberiedelatille.fr\/blog\/\",\"name\":\"Herberie de la Tille\",\"description\":\"Le m\u00e9dia de la botanique pratique \u2014 plantes, herboristerie, identification\",\"publisher\":{\"@id\":\"https:\/\/herberiedelatille.fr\/blog\/#organization\"},\"alternateName\":\"Herberie de la Tille\",\"potentialAction\":[{\"@type\":\"SearchAction\",\"target\":{\"@type\":\"EntryPoint\",\"urlTemplate\":\"https:\/\/herberiedelatille.fr\/blog\/?s={search_term_string}\"},\"query-input\":{\"@type\":\"PropertyValueSpecification\",\"valueRequired\":true,\"valueName\":\"search_term_string\"}}],\"inLanguage\":\"fr-FR\"},{\"@type\":\"Organization\",\"@id\":\"https:\/\/herberiedelatille.fr\/blog\/#organization\",\"name\":\"Herberie de la Tille\",\"url\":\"https:\/\/herberiedelatille.fr\/blog\/\",\"logo\":{\"@type\":\"ImageObject\",\"inLanguage\":\"fr-FR\",\"@id\":\"https:\/\/herberiedelatille.fr\/blog\/#\/schema\/logo\/image\/\",\"url\":\"https:\/\/herberiedelatille.fr\/blog\/wp-content\/uploads\/2024\/12\/herberiedelatille.png\",\"contentUrl\":\"https:\/\/herberiedelatille.fr\/blog\/wp-content\/uploads\/2024\/12\/herberiedelatille.png\",\"width\":500,\"height\":500,\"caption\":\"Herberie de la Tille\"},\"image\":{\"@id\":\"https:\/\/herberiedelatille.fr\/blog\/#\/schema\/logo\/image\/\"}},{\"@type\":\"Person\",\"@id\":\"https:\/\/herberiedelatille.fr\/blog\/#\/schema\/person\/c0ae6942e0cc8b6ebd58dada6ee6c2af\",\"name\":\"Antoine Bernard\",\"image\":{\"@type\":\"ImageObject\",\"inLanguage\":\"fr-FR\",\"@id\":\"https:\/\/herberiedelatille.fr\/blog\/#\/schema\/person\/image\/\",\"url\":\"https:\/\/secure.gravatar.com\/avatar\/?s=96&d=mm&r=g\",\"contentUrl\":\"https:\/\/secure.gravatar.com\/avatar\/?s=96&d=mm&r=g\",\"caption\":\"Antoine Bernard\"},\"description\":\"Photographe naturaliste et auteur.\",\"sameAs\":[\"https:\/\/bernardantoine.fr\/\"],\"url\":\"https:\/\/herberiedelatille.fr\/blog\/auteur\/antoine-bernard\/\",\"jobTitle\":\"Contributeur m\u00e9canique\",\"email\":\"antoine.bernard@autosmythiques57.fr\"}]}<\/script>\n<!-- \/ Yoast SEO Premium plugin. -->","yoast_head_json":{"title":"Comment tailler le basilic pour qu'il repousse ?","description":"Pour que le basilic repousse, taillez toujours la tige au-dessus d'une paire de feuilles : deux nouvelles pousses partiront de ce point, doublant le","robots":{"index":"index","follow":"follow","max-snippet":"max-snippet:-1","max-image-preview":"max-image-preview:large","max-video-preview":"max-video-preview:-1"},"canonical":"https:\/\/herberiedelatille.fr\/blog\/potager\/carre-des-aromates\/comment-tailler-le-basilic-pour-quil-repousse\/","og_locale":"fr_FR","og_type":"article","og_title":"Comment tailler le basilic pour qu'il repousse ?","og_description":"Pour que le basilic repousse, taillez toujours la tige au-dessus d'une paire de feuilles : deux nouvelles pousses partiront de ce point, doublant le","og_url":"https:\/\/herberiedelatille.fr\/blog\/potager\/carre-des-aromates\/comment-tailler-le-basilic-pour-quil-repousse\/","og_site_name":"Herberie de la Tille","author":"Antoine Bernard","twitter_card":"summary_large_image","schema":{"@context":"https:\/\/schema.org","@graph":[{"@type":"NewsArticle","@id":"https:\/\/herberiedelatille.fr\/blog\/potager\/carre-des-aromates\/comment-tailler-le-basilic-pour-quil-repousse\/#article","isPartOf":{"@id":"https:\/\/herberiedelatille.fr\/blog\/potager\/carre-des-aromates\/comment-tailler-le-basilic-pour-quil-repousse\/"},"author":{"name":"Antoine Bernard","@id":"https:\/\/herberiedelatille.fr\/blog\/#\/schema\/person\/c0ae6942e0cc8b6ebd58dada6ee6c2af"},"headline":"Comment tailler le basilic pour qu&rsquo;il repousse ?","datePublished":"2026-07-16T17:47:50+00:00","dateModified":"2026-07-16T17:49:50+00:00","mainEntityOfPage":{"@id":"https:\/\/herberiedelatille.fr\/blog\/potager\/carre-des-aromates\/comment-tailler-le-basilic-pour-quil-repousse\/"},"wordCount":502,"commentCount":0,"publisher":{"@id":"https:\/\/herberiedelatille.fr\/blog\/#organization"},"image":{"@id":"https:\/\/herberiedelatille.fr\/blog\/potager\/carre-des-aromates\/comment-tailler-le-basilic-pour-quil-repousse\/#primaryimage"},"thumbnailUrl":"https:\/\/images.pexels.com\/photos\/9025063\/pexels-photo-9025063.jpeg?auto=compress&cs=tinysrgb&fit=crop&h=627&w=1200","articleSection":["Le carr\u00e9 des aromates"],"inLanguage":"fr-FR","potentialAction":[{"@type":"CommentAction","name":"Comment","target":["https:\/\/herberiedelatille.fr\/blog\/potager\/carre-des-aromates\/comment-tailler-le-basilic-pour-quil-repousse\/#respond"]}]},{"@type":"WebPage","@id":"https:\/\/herberiedelatille.fr\/blog\/potager\/carre-des-aromates\/comment-tailler-le-basilic-pour-quil-repousse\/","url":"https:\/\/herberiedelatille.fr\/blog\/potager\/carre-des-aromates\/comment-tailler-le-basilic-pour-quil-repousse\/","name":"Comment tailler le basilic pour qu'il repousse ?","isPartOf":{"@id":"https:\/\/herberiedelatille.fr\/blog\/#website"},"primaryImageOfPage":{"@id":"https:\/\/herberiedelatille.fr\/blog\/potager\/carre-des-aromates\/comment-tailler-le-basilic-pour-quil-repousse\/#primaryimage"},"image":{"@id":"https:\/\/herberiedelatille.fr\/blog\/potager\/carre-des-aromates\/comment-tailler-le-basilic-pour-quil-repousse\/#primaryimage"},"thumbnailUrl":"https:\/\/images.pexels.com\/photos\/9025063\/pexels-photo-9025063.jpeg?auto=compress&cs=tinysrgb&fit=crop&h=627&w=1200","datePublished":"2026-07-16T17:47:50+00:00","dateModified":"2026-07-16T17:49:50+00:00","description":"Pour que le basilic repousse, taillez toujours la tige au-dessus d'une paire de feuilles : deux nouvelles pousses partiront de ce point, doublant le","inLanguage":"fr-FR","potentialAction":[{"@type":"ReadAction","target":["https:\/\/herberiedelatille.fr\/blog\/potager\/carre-des-aromates\/comment-tailler-le-basilic-pour-quil-repousse\/"]}]},{"@type":"ImageObject","inLanguage":"fr-FR","@id":"https:\/\/herberiedelatille.fr\/blog\/potager\/carre-des-aromates\/comment-tailler-le-basilic-pour-quil-repousse\/#primaryimage","url":"https:\/\/images.pexels.com\/photos\/9025063\/pexels-photo-9025063.jpeg?auto=compress&cs=tinysrgb&fit=crop&h=627&w=1200","contentUrl":"https:\/\/images.pexels.com\/photos\/9025063\/pexels-photo-9025063.jpeg?auto=compress&cs=tinysrgb&fit=crop&h=627&w=1200"},{"@type":"WebSite","@id":"https:\/\/herberiedelatille.fr\/blog\/#website","url":"https:\/\/herberiedelatille.fr\/blog\/","name":"Herberie de la Tille","description":"Le m\u00e9dia de la botanique pratique \u2014 plantes, herboristerie, identification","publisher":{"@id":"https:\/\/herberiedelatille.fr\/blog\/#organization"},"alternateName":"Herberie de la Tille","potentialAction":[{"@type":"SearchAction","target":{"@type":"EntryPoint","urlTemplate":"https:\/\/herberiedelatille.fr\/blog\/?s={search_term_string}"},"query-input":{"@type":"PropertyValueSpecification","valueRequired":true,"valueName":"search_term_string"}}],"inLanguage":"fr-FR"},{"@type":"Organization","@id":"https:\/\/herberiedelatille.fr\/blog\/#organization","name":"Herberie de la Tille","url":"https:\/\/herberiedelatille.fr\/blog\/","logo":{"@type":"ImageObject","inLanguage":"fr-FR","@id":"https:\/\/herberiedelatille.fr\/blog\/#\/schema\/logo\/image\/","url":"https:\/\/herberiedelatille.fr\/blog\/wp-content\/uploads\/2024\/12\/herberiedelatille.png","contentUrl":"https:\/\/herberiedelatille.fr\/blog\/wp-content\/uploads\/2024\/12\/herberiedelatille.png","width":500,"height":500,"caption":"Herberie de la Tille"},"image":{"@id":"https:\/\/herberiedelatille.fr\/blog\/#\/schema\/logo\/image\/"}},{"@type":"Person","@id":"https:\/\/herberiedelatille.fr\/blog\/#\/schema\/person\/c0ae6942e0cc8b6ebd58dada6ee6c2af","name":"Antoine Bernard","image":{"@type":"ImageObject","inLanguage":"fr-FR","@id":"https:\/\/herberiedelatille.fr\/blog\/#\/schema\/person\/image\/","url":"https:\/\/secure.gravatar.com\/avatar\/?s=96&d=mm&r=g","contentUrl":"https:\/\/secure.gravatar.com\/avatar\/?s=96&d=mm&r=g","caption":"Antoine Bernard"},"description":"Photographe naturaliste et auteur.","sameAs":["https:\/\/bernardantoine.fr\/"],"url":"https:\/\/herberiedelatille.fr\/blog\/auteur\/antoine-bernard\/","jobTitle":"Contributeur m\u00e9canique","email":"antoine.bernard@autosmythiques57.fr"}]}},"_links":{"self":[{"href":"https:\/\/herberiedelatille.fr\/blog\/wp-json\/wp\/v2\/posts\/7880","targetHints":{"allow":["GET"]}}],"collection":[{"href":"https:\/\/herberiedelatille.fr\/blog\/wp-json\/wp\/v2\/posts"}],"about":[{"href":"https:\/\/herberiedelatille.fr\/blog\/wp-json\/wp\/v2\/types\/post"}],"author":[{"embeddable":true,"href":"https:\/\/herberiedelatille.fr\/blog\/wp-json\/wp\/v2\/users\/42"}],"replies":[{"embeddable":true,"href":"https:\/\/herberiedelatille.fr\/blog\/wp-json\/wp\/v2\/comments?post=7880"}],"version-history":[{"count":1,"href":"https:\/\/herberiedelatille.fr\/blog\/wp-json\/wp\/v2\/posts\/7880\/revisions"}],"predecessor-version":[{"id":7893,"href":"https:\/\/herberiedelatille.fr\/blog\/wp-json\/wp\/v2\/posts\/7880\/revisions\/7893"}],"wp:attachment":[{"href":"https:\/\/herberiedelatille.fr\/blog\/wp-json\/wp\/v2\/media?parent=7880"}],"wp:term":[{"taxonomy":"category","embeddable":true,"href":"https:\/\/herberiedelatille.fr\/blog\/wp-json\/wp\/v2\/categories?post=7880"},{"taxonomy":"post_tag","embeddable":true,"href":"https:\/\/herberiedelatille.fr\/blog\/wp-json\/wp\/v2\/tags?post=7880"}],"curies":[{"name":"wp","href":"https:\/\/api.w.org\/{rel}","templated":true}]}}