{"id":7881,"date":"2026-07-16T19:47:56","date_gmt":"2026-07-16T17:47:56","guid":{"rendered":"https:\/\/herberiedelatille.fr\/blog\/potager\/carre-des-aromates\/comment-tailler-le-romarin-sans-le-faire-mourir\/"},"modified":"2026-07-16T19:49:53","modified_gmt":"2026-07-16T17:49:53","slug":"comment-tailler-le-romarin-sans-le-faire-mourir","status":"publish","type":"post","link":"https:\/\/herberiedelatille.fr\/blog\/potager\/carre-des-aromates\/comment-tailler-le-romarin-sans-le-faire-mourir\/","title":{"rendered":"Comment tailler le romarin (sans le faire mourir) ?"},"content":{"rendered":"<p><strong>Taillez le romarin juste apr\u00e8s sa floraison, au printemps, en raccourcissant les jeunes pousses vertes d&rsquo;un tiers au maximum \u2014 et surtout jamais dans le vieux bois, qui ne red\u00e9marre pratiquement pas.<\/strong> C&rsquo;est la r\u00e8gle d&rsquo;or qui fait la diff\u00e9rence entre un romarin compact qui vit 15 \u00e0 20 ans et un arbuste d\u00e9garni qu&rsquo;on finit par arracher.<\/p>\n<h2>Quand tailler le romarin<\/h2>\n<p>La meilleure fen\u00eatre se situe apr\u00e8s la floraison principale, g\u00e9n\u00e9ralement entre avril et juin selon les r\u00e9gions. Une taille l\u00e9g\u00e8re d&rsquo;entretien reste possible tout l&rsquo;\u00e9t\u00e9 au fil des r\u00e9coltes. \u00c9vitez en revanche l&rsquo;automne et l&rsquo;hiver : les plaies de taille cicatrisent mal avant le froid et les jeunes pousses stimul\u00e9es g\u00e8leraient.<\/p>\n<table>\n<thead>\n<tr>\n<th>Situation<\/th>\n<th>Quand<\/th>\n<th>Comment<\/th>\n<\/tr>\n<\/thead>\n<tbody>\n<tr>\n<td>Entretien annuel<\/td>\n<td>Apr\u00e8s floraison (avril-juin)<\/td>\n<td>Raccourcir les pousses de l&rsquo;ann\u00e9e d&rsquo;1\/3<\/td>\n<\/tr>\n<tr>\n<td>R\u00e9colte cuisine<\/td>\n<td>Toute la belle saison<\/td>\n<td>Pr\u00e9lever des extr\u00e9mit\u00e9s tendres de 5-10 cm<\/td>\n<\/tr>\n<tr>\n<td>Vieux romarin d\u00e9garni<\/td>\n<td>Printemps, sur 2-3 ans<\/td>\n<td>Rajeunir progressivement, jamais de rabattage s\u00e9v\u00e8re d&rsquo;un coup<\/td>\n<\/tr>\n<tr>\n<td>Automne \/ hiver<\/td>\n<td>\u00c0 \u00e9viter<\/td>\n<td>Risque de gel des repousses<\/td>\n<\/tr>\n<\/tbody>\n<\/table>\n<h2>La r\u00e8gle du vieux bois<\/h2>\n<p>Contrairement \u00e0 beaucoup d&rsquo;arbustes, le romarin ne poss\u00e8de quasiment pas de bourgeons dormants sur son bois \u00e2g\u00e9 et gris : une branche rabattue jusqu&rsquo;au bois nu reste nue. Coupez toujours dans la partie feuill\u00e9e, en laissant quelques centim\u00e8tres de pousse verte sous la coupe. Pour rajeunir un vieux sujet d\u00e9garni, \u00e9talez l&rsquo;op\u00e9ration sur 2 ou 3 printemps en ne rabattant qu&rsquo;une partie des branches chaque ann\u00e9e.<\/p>\n<h2>Tailler, c&rsquo;est aussi r\u00e9colter<\/h2>\n<p>Les extr\u00e9mit\u00e9s que vous supprimez sont exactement ce qu&rsquo;on utilise en cuisine : faites d&rsquo;une pierre deux coups en taillant au fur et \u00e0 mesure des besoins. Les brins se conservent tr\u00e8s bien s\u00e9ch\u00e9s, et le romarin fait partie des herbes qui gardent presque tout leur parfum une fois secs.<\/p>\n<details>\n<summary>Peut-on cueillir le romarin en fleurs ?<\/summary>\n<p>Oui, les brins fleuris sont comestibles et les fleurs aussi, avec un parfum plus doux. La cueillette ne g\u00eane pas la plante.<\/p>\n<\/details>\n<details>\n<summary>Que planter \u00e0 c\u00f4t\u00e9 du romarin ?<\/summary>\n<p>Des plantes qui aiment les m\u00eames conditions s\u00e8ches et ensoleill\u00e9es : thym, sarriette, sauge, lavande. \u00c9vitez la menthe et le persil, qui r\u00e9clament des sols frais.<\/p>\n<\/details>\n<details>\n<summary>Mon romarin devient marron, est-ce la taille ?<\/summary>\n<p>Le plus souvent, c&rsquo;est un exc\u00e8s d&rsquo;eau (sol qui retient l&rsquo;humidit\u00e9) plut\u00f4t que la taille. Le romarin pr\u00e9f\u00e8re un sol pauvre, drain\u00e9, et supporte tr\u00e8s bien la s\u00e9cheresse.<\/p>\n<\/details>\n<details>\n<summary>Faut-il tailler le romarin la premi\u00e8re ann\u00e9e ?<\/summary>\n<p>Un simple pincement des extr\u00e9mit\u00e9s suffit pour l&rsquo;encourager \u00e0 se ramifier. Attendez la deuxi\u00e8me ann\u00e9e pour une vraie taille de formation.<\/p>\n<\/details>\n<h2>\u00c0 lire aussi<\/h2>\n<ul>\n<li><a href=\"https:\/\/herberiedelatille.fr\/blog\/potager\/carre-des-aromates\/herbes-aromatiques-le-guide-pratique-de-la-cuisine-au-jardin\/\">Herbes aromatiques : le guide pratique, de la cuisine au jardin<\/a><\/li>\n<li><a href=\"https:\/\/herberiedelatille.fr\/blog\/potager\/carre-des-aromates\/quand-et-comment-tailler-le-thym\/\">Quand et comment tailler le thym ?<\/a><\/li>\n<li><a href=\"https:\/\/herberiedelatille.fr\/blog\/potager\/carre-des-aromates\/comment-faire-secher-ses-herbes-aromatiques-menthe-thym-laurier\/\">Comment faire s\u00e9cher ses herbes aromatiques (menthe, thym, laurier\u2026) ?<\/a><\/li>\n<li><a href=\"https:\/\/herberiedelatille.fr\/blog\/potager\/carre-des-aromates\/que-contient-vraiment-le-melange-herbes-de-provence\/\">Que contient vraiment le m\u00e9lange \u00ab herbes de Provence \u00bb ?<\/a><\/li>\n<\/ul>\n","protected":false},"excerpt":{"rendered":"","protected":false},"author":42,"featured_media":999999999,"comment_status":"open","ping_status":"open","sticky":false,"template":"","format":"standard","meta":{"_acf_changed":false,"manual_indexmenow":false,"indexmenow_id_project":0,"footnotes":""},"categories":[4616],"tags":[],"class_list":["post-7881","post","type-post","status-publish","format-standard","has-post-thumbnail","hentry","category-carre-des-aromates","generate-columns","tablet-grid-50","mobile-grid-100","grid-parent","grid-25"],"acf":[],"yoast_head":"<!-- This site is optimized with the Yoast SEO Premium plugin v21.3 (Yoast SEO v25.6) - https:\/\/yoast.com\/wordpress\/plugins\/seo\/ -->\n<title>Comment tailler le romarin (sans le faire mourir) ?<\/title>\n<meta name=\"description\" content=\"Taillez le romarin juste apr\u00e8s sa floraison, au printemps, en raccourcissant les jeunes pousses vertes d&#039;un tiers au maximum \u2014 et surtout jamais dans le\" \/>\n<meta name=\"robots\" content=\"index, follow, max-snippet:-1, max-image-preview:large, max-video-preview:-1\" \/>\n<link rel=\"canonical\" href=\"https:\/\/herberiedelatille.fr\/blog\/potager\/carre-des-aromates\/comment-tailler-le-romarin-sans-le-faire-mourir\/\" \/>\n<meta property=\"og:locale\" content=\"fr_FR\" \/>\n<meta property=\"og:type\" content=\"article\" \/>\n<meta property=\"og:title\" content=\"Comment tailler le romarin (sans le faire mourir) ?\" \/>\n<meta property=\"og:description\" content=\"Taillez le romarin juste apr\u00e8s sa floraison, au printemps, en raccourcissant les jeunes pousses vertes d&#039;un tiers au maximum \u2014 et surtout jamais dans le\" \/>\n<meta property=\"og:url\" content=\"https:\/\/herberiedelatille.fr\/blog\/potager\/carre-des-aromates\/comment-tailler-le-romarin-sans-le-faire-mourir\/\" \/>\n<meta property=\"og:site_name\" content=\"Herberie de la Tille\" \/>\n<meta name=\"author\" content=\"Antoine Bernard\" \/>\n<meta name=\"twitter:card\" content=\"summary_large_image\" \/>\n<script type=\"application\/ld+json\" class=\"yoast-schema-graph\">{\"@context\":\"https:\/\/schema.org\",\"@graph\":[{\"@type\":\"NewsArticle\",\"@id\":\"https:\/\/herberiedelatille.fr\/blog\/potager\/carre-des-aromates\/comment-tailler-le-romarin-sans-le-faire-mourir\/#article\",\"isPartOf\":{\"@id\":\"https:\/\/herberiedelatille.fr\/blog\/potager\/carre-des-aromates\/comment-tailler-le-romarin-sans-le-faire-mourir\/\"},\"author\":{\"name\":\"Antoine Bernard\",\"@id\":\"https:\/\/herberiedelatille.fr\/blog\/#\/schema\/person\/c0ae6942e0cc8b6ebd58dada6ee6c2af\"},\"headline\":\"Comment tailler le romarin (sans le faire mourir) ?\",\"datePublished\":\"2026-07-16T17:47:56+00:00\",\"dateModified\":\"2026-07-16T17:49:53+00:00\",\"mainEntityOfPage\":{\"@id\":\"https:\/\/herberiedelatille.fr\/blog\/potager\/carre-des-aromates\/comment-tailler-le-romarin-sans-le-faire-mourir\/\"},\"wordCount\":518,\"commentCount\":0,\"publisher\":{\"@id\":\"https:\/\/herberiedelatille.fr\/blog\/#organization\"},\"image\":{\"@id\":\"https:\/\/herberiedelatille.fr\/blog\/potager\/carre-des-aromates\/comment-tailler-le-romarin-sans-le-faire-mourir\/#primaryimage\"},\"thumbnailUrl\":\"https:\/\/images.pexels.com\/photos\/17677894\/pexels-photo-17677894.jpeg?auto=compress&cs=tinysrgb&fit=crop&h=627&w=1200\",\"articleSection\":[\"Le carr\u00e9 des aromates\"],\"inLanguage\":\"fr-FR\",\"potentialAction\":[{\"@type\":\"CommentAction\",\"name\":\"Comment\",\"target\":[\"https:\/\/herberiedelatille.fr\/blog\/potager\/carre-des-aromates\/comment-tailler-le-romarin-sans-le-faire-mourir\/#respond\"]}]},{\"@type\":\"WebPage\",\"@id\":\"https:\/\/herberiedelatille.fr\/blog\/potager\/carre-des-aromates\/comment-tailler-le-romarin-sans-le-faire-mourir\/\",\"url\":\"https:\/\/herberiedelatille.fr\/blog\/potager\/carre-des-aromates\/comment-tailler-le-romarin-sans-le-faire-mourir\/\",\"name\":\"Comment tailler le romarin (sans le faire mourir) ?\",\"isPartOf\":{\"@id\":\"https:\/\/herberiedelatille.fr\/blog\/#website\"},\"primaryImageOfPage\":{\"@id\":\"https:\/\/herberiedelatille.fr\/blog\/potager\/carre-des-aromates\/comment-tailler-le-romarin-sans-le-faire-mourir\/#primaryimage\"},\"image\":{\"@id\":\"https:\/\/herberiedelatille.fr\/blog\/potager\/carre-des-aromates\/comment-tailler-le-romarin-sans-le-faire-mourir\/#primaryimage\"},\"thumbnailUrl\":\"https:\/\/images.pexels.com\/photos\/17677894\/pexels-photo-17677894.jpeg?auto=compress&cs=tinysrgb&fit=crop&h=627&w=1200\",\"datePublished\":\"2026-07-16T17:47:56+00:00\",\"dateModified\":\"2026-07-16T17:49:53+00:00\",\"description\":\"Taillez le romarin juste apr\u00e8s sa floraison, au printemps, en raccourcissant les jeunes pousses vertes d'un tiers au maximum \u2014 et surtout jamais dans le\",\"inLanguage\":\"fr-FR\",\"potentialAction\":[{\"@type\":\"ReadAction\",\"target\":[\"https:\/\/herberiedelatille.fr\/blog\/potager\/carre-des-aromates\/comment-tailler-le-romarin-sans-le-faire-mourir\/\"]}]},{\"@type\":\"ImageObject\",\"inLanguage\":\"fr-FR\",\"@id\":\"https:\/\/herberiedelatille.fr\/blog\/potager\/carre-des-aromates\/comment-tailler-le-romarin-sans-le-faire-mourir\/#primaryimage\",\"url\":\"https:\/\/images.pexels.com\/photos\/17677894\/pexels-photo-17677894.jpeg?auto=compress&cs=tinysrgb&fit=crop&h=627&w=1200\",\"contentUrl\":\"https:\/\/images.pexels.com\/photos\/17677894\/pexels-photo-17677894.jpeg?auto=compress&cs=tinysrgb&fit=crop&h=627&w=1200\"},{\"@type\":\"WebSite\",\"@id\":\"https:\/\/herberiedelatille.fr\/blog\/#website\",\"url\":\"https:\/\/herberiedelatille.fr\/blog\/\",\"name\":\"Herberie de la Tille\",\"description\":\"Le m\u00e9dia de la botanique pratique \u2014 plantes, herboristerie, identification\",\"publisher\":{\"@id\":\"https:\/\/herberiedelatille.fr\/blog\/#organization\"},\"alternateName\":\"Herberie de la Tille\",\"potentialAction\":[{\"@type\":\"SearchAction\",\"target\":{\"@type\":\"EntryPoint\",\"urlTemplate\":\"https:\/\/herberiedelatille.fr\/blog\/?s={search_term_string}\"},\"query-input\":{\"@type\":\"PropertyValueSpecification\",\"valueRequired\":true,\"valueName\":\"search_term_string\"}}],\"inLanguage\":\"fr-FR\"},{\"@type\":\"Organization\",\"@id\":\"https:\/\/herberiedelatille.fr\/blog\/#organization\",\"name\":\"Herberie de la Tille\",\"url\":\"https:\/\/herberiedelatille.fr\/blog\/\",\"logo\":{\"@type\":\"ImageObject\",\"inLanguage\":\"fr-FR\",\"@id\":\"https:\/\/herberiedelatille.fr\/blog\/#\/schema\/logo\/image\/\",\"url\":\"https:\/\/herberiedelatille.fr\/blog\/wp-content\/uploads\/2024\/12\/herberiedelatille.png\",\"contentUrl\":\"https:\/\/herberiedelatille.fr\/blog\/wp-content\/uploads\/2024\/12\/herberiedelatille.png\",\"width\":500,\"height\":500,\"caption\":\"Herberie de la Tille\"},\"image\":{\"@id\":\"https:\/\/herberiedelatille.fr\/blog\/#\/schema\/logo\/image\/\"}},{\"@type\":\"Person\",\"@id\":\"https:\/\/herberiedelatille.fr\/blog\/#\/schema\/person\/c0ae6942e0cc8b6ebd58dada6ee6c2af\",\"name\":\"Antoine Bernard\",\"image\":{\"@type\":\"ImageObject\",\"inLanguage\":\"fr-FR\",\"@id\":\"https:\/\/herberiedelatille.fr\/blog\/#\/schema\/person\/image\/\",\"url\":\"https:\/\/secure.gravatar.com\/avatar\/?s=96&d=mm&r=g\",\"contentUrl\":\"https:\/\/secure.gravatar.com\/avatar\/?s=96&d=mm&r=g\",\"caption\":\"Antoine Bernard\"},\"description\":\"Photographe naturaliste et auteur.\",\"sameAs\":[\"https:\/\/bernardantoine.fr\/\"],\"url\":\"https:\/\/herberiedelatille.fr\/blog\/auteur\/antoine-bernard\/\",\"jobTitle\":\"Contributeur m\u00e9canique\",\"email\":\"antoine.bernard@autosmythiques57.fr\"}]}<\/script>\n<!-- \/ Yoast SEO Premium plugin. -->","yoast_head_json":{"title":"Comment tailler le romarin (sans le faire mourir) ?","description":"Taillez le romarin juste apr\u00e8s sa floraison, au printemps, en raccourcissant les jeunes pousses vertes d'un tiers au maximum \u2014 et surtout jamais dans le","robots":{"index":"index","follow":"follow","max-snippet":"max-snippet:-1","max-image-preview":"max-image-preview:large","max-video-preview":"max-video-preview:-1"},"canonical":"https:\/\/herberiedelatille.fr\/blog\/potager\/carre-des-aromates\/comment-tailler-le-romarin-sans-le-faire-mourir\/","og_locale":"fr_FR","og_type":"article","og_title":"Comment tailler le romarin (sans le faire mourir) ?","og_description":"Taillez le romarin juste apr\u00e8s sa floraison, au printemps, en raccourcissant les jeunes pousses vertes d'un tiers au maximum \u2014 et surtout jamais dans le","og_url":"https:\/\/herberiedelatille.fr\/blog\/potager\/carre-des-aromates\/comment-tailler-le-romarin-sans-le-faire-mourir\/","og_site_name":"Herberie de la Tille","author":"Antoine Bernard","twitter_card":"summary_large_image","schema":{"@context":"https:\/\/schema.org","@graph":[{"@type":"NewsArticle","@id":"https:\/\/herberiedelatille.fr\/blog\/potager\/carre-des-aromates\/comment-tailler-le-romarin-sans-le-faire-mourir\/#article","isPartOf":{"@id":"https:\/\/herberiedelatille.fr\/blog\/potager\/carre-des-aromates\/comment-tailler-le-romarin-sans-le-faire-mourir\/"},"author":{"name":"Antoine Bernard","@id":"https:\/\/herberiedelatille.fr\/blog\/#\/schema\/person\/c0ae6942e0cc8b6ebd58dada6ee6c2af"},"headline":"Comment tailler le romarin (sans le faire mourir) ?","datePublished":"2026-07-16T17:47:56+00:00","dateModified":"2026-07-16T17:49:53+00:00","mainEntityOfPage":{"@id":"https:\/\/herberiedelatille.fr\/blog\/potager\/carre-des-aromates\/comment-tailler-le-romarin-sans-le-faire-mourir\/"},"wordCount":518,"commentCount":0,"publisher":{"@id":"https:\/\/herberiedelatille.fr\/blog\/#organization"},"image":{"@id":"https:\/\/herberiedelatille.fr\/blog\/potager\/carre-des-aromates\/comment-tailler-le-romarin-sans-le-faire-mourir\/#primaryimage"},"thumbnailUrl":"https:\/\/images.pexels.com\/photos\/17677894\/pexels-photo-17677894.jpeg?auto=compress&cs=tinysrgb&fit=crop&h=627&w=1200","articleSection":["Le carr\u00e9 des aromates"],"inLanguage":"fr-FR","potentialAction":[{"@type":"CommentAction","name":"Comment","target":["https:\/\/herberiedelatille.fr\/blog\/potager\/carre-des-aromates\/comment-tailler-le-romarin-sans-le-faire-mourir\/#respond"]}]},{"@type":"WebPage","@id":"https:\/\/herberiedelatille.fr\/blog\/potager\/carre-des-aromates\/comment-tailler-le-romarin-sans-le-faire-mourir\/","url":"https:\/\/herberiedelatille.fr\/blog\/potager\/carre-des-aromates\/comment-tailler-le-romarin-sans-le-faire-mourir\/","name":"Comment tailler le romarin (sans le faire mourir) ?","isPartOf":{"@id":"https:\/\/herberiedelatille.fr\/blog\/#website"},"primaryImageOfPage":{"@id":"https:\/\/herberiedelatille.fr\/blog\/potager\/carre-des-aromates\/comment-tailler-le-romarin-sans-le-faire-mourir\/#primaryimage"},"image":{"@id":"https:\/\/herberiedelatille.fr\/blog\/potager\/carre-des-aromates\/comment-tailler-le-romarin-sans-le-faire-mourir\/#primaryimage"},"thumbnailUrl":"https:\/\/images.pexels.com\/photos\/17677894\/pexels-photo-17677894.jpeg?auto=compress&cs=tinysrgb&fit=crop&h=627&w=1200","datePublished":"2026-07-16T17:47:56+00:00","dateModified":"2026-07-16T17:49:53+00:00","description":"Taillez le romarin juste apr\u00e8s sa floraison, au printemps, en raccourcissant les jeunes pousses vertes d'un tiers au maximum \u2014 et surtout jamais dans le","inLanguage":"fr-FR","potentialAction":[{"@type":"ReadAction","target":["https:\/\/herberiedelatille.fr\/blog\/potager\/carre-des-aromates\/comment-tailler-le-romarin-sans-le-faire-mourir\/"]}]},{"@type":"ImageObject","inLanguage":"fr-FR","@id":"https:\/\/herberiedelatille.fr\/blog\/potager\/carre-des-aromates\/comment-tailler-le-romarin-sans-le-faire-mourir\/#primaryimage","url":"https:\/\/images.pexels.com\/photos\/17677894\/pexels-photo-17677894.jpeg?auto=compress&cs=tinysrgb&fit=crop&h=627&w=1200","contentUrl":"https:\/\/images.pexels.com\/photos\/17677894\/pexels-photo-17677894.jpeg?auto=compress&cs=tinysrgb&fit=crop&h=627&w=1200"},{"@type":"WebSite","@id":"https:\/\/herberiedelatille.fr\/blog\/#website","url":"https:\/\/herberiedelatille.fr\/blog\/","name":"Herberie de la Tille","description":"Le m\u00e9dia de la botanique pratique \u2014 plantes, herboristerie, identification","publisher":{"@id":"https:\/\/herberiedelatille.fr\/blog\/#organization"},"alternateName":"Herberie de la Tille","potentialAction":[{"@type":"SearchAction","target":{"@type":"EntryPoint","urlTemplate":"https:\/\/herberiedelatille.fr\/blog\/?s={search_term_string}"},"query-input":{"@type":"PropertyValueSpecification","valueRequired":true,"valueName":"search_term_string"}}],"inLanguage":"fr-FR"},{"@type":"Organization","@id":"https:\/\/herberiedelatille.fr\/blog\/#organization","name":"Herberie de la Tille","url":"https:\/\/herberiedelatille.fr\/blog\/","logo":{"@type":"ImageObject","inLanguage":"fr-FR","@id":"https:\/\/herberiedelatille.fr\/blog\/#\/schema\/logo\/image\/","url":"https:\/\/herberiedelatille.fr\/blog\/wp-content\/uploads\/2024\/12\/herberiedelatille.png","contentUrl":"https:\/\/herberiedelatille.fr\/blog\/wp-content\/uploads\/2024\/12\/herberiedelatille.png","width":500,"height":500,"caption":"Herberie de la Tille"},"image":{"@id":"https:\/\/herberiedelatille.fr\/blog\/#\/schema\/logo\/image\/"}},{"@type":"Person","@id":"https:\/\/herberiedelatille.fr\/blog\/#\/schema\/person\/c0ae6942e0cc8b6ebd58dada6ee6c2af","name":"Antoine Bernard","image":{"@type":"ImageObject","inLanguage":"fr-FR","@id":"https:\/\/herberiedelatille.fr\/blog\/#\/schema\/person\/image\/","url":"https:\/\/secure.gravatar.com\/avatar\/?s=96&d=mm&r=g","contentUrl":"https:\/\/secure.gravatar.com\/avatar\/?s=96&d=mm&r=g","caption":"Antoine Bernard"},"description":"Photographe naturaliste et auteur.","sameAs":["https:\/\/bernardantoine.fr\/"],"url":"https:\/\/herberiedelatille.fr\/blog\/auteur\/antoine-bernard\/","jobTitle":"Contributeur m\u00e9canique","email":"antoine.bernard@autosmythiques57.fr"}]}},"_links":{"self":[{"href":"https:\/\/herberiedelatille.fr\/blog\/wp-json\/wp\/v2\/posts\/7881","targetHints":{"allow":["GET"]}}],"collection":[{"href":"https:\/\/herberiedelatille.fr\/blog\/wp-json\/wp\/v2\/posts"}],"about":[{"href":"https:\/\/herberiedelatille.fr\/blog\/wp-json\/wp\/v2\/types\/post"}],"author":[{"embeddable":true,"href":"https:\/\/herberiedelatille.fr\/blog\/wp-json\/wp\/v2\/users\/42"}],"replies":[{"embeddable":true,"href":"https:\/\/herberiedelatille.fr\/blog\/wp-json\/wp\/v2\/comments?post=7881"}],"version-history":[{"count":1,"href":"https:\/\/herberiedelatille.fr\/blog\/wp-json\/wp\/v2\/posts\/7881\/revisions"}],"predecessor-version":[{"id":7894,"href":"https:\/\/herberiedelatille.fr\/blog\/wp-json\/wp\/v2\/posts\/7881\/revisions\/7894"}],"wp:attachment":[{"href":"https:\/\/herberiedelatille.fr\/blog\/wp-json\/wp\/v2\/media?parent=7881"}],"wp:term":[{"taxonomy":"category","embeddable":true,"href":"https:\/\/herberiedelatille.fr\/blog\/wp-json\/wp\/v2\/categories?post=7881"},{"taxonomy":"post_tag","embeddable":true,"href":"https:\/\/herberiedelatille.fr\/blog\/wp-json\/wp\/v2\/tags?post=7881"}],"curies":[{"name":"wp","href":"https:\/\/api.w.org\/{rel}","templated":true}]}}