{"id":7882,"date":"2026-07-16T19:48:01","date_gmt":"2026-07-16T17:48:01","guid":{"rendered":"https:\/\/herberiedelatille.fr\/blog\/potager\/carre-des-aromates\/quand-et-comment-tailler-le-thym\/"},"modified":"2026-07-16T19:49:57","modified_gmt":"2026-07-16T17:49:57","slug":"quand-et-comment-tailler-le-thym","status":"publish","type":"post","link":"https:\/\/herberiedelatille.fr\/blog\/potager\/carre-des-aromates\/quand-et-comment-tailler-le-thym\/","title":{"rendered":"Quand et comment tailler le thym ?"},"content":{"rendered":"<p><strong>Taillez le thym une fois par an, juste apr\u00e8s sa floraison (mai-juin selon les r\u00e9gions), en raccourcissant les touffes d&rsquo;un tiers avec des ciseaux \u2014 sans jamais couper dans le bois sec du centre, qui ne repousse pas.<\/strong> Cette taille annuelle est le seul vrai secret d&rsquo;un thym dense et parfum\u00e9 pendant des ann\u00e9es : sans elle, la touffe s&rsquo;ouvre, se lignifie et se d\u00e9garnit du centre.<\/p>\n<h2>La taille annuelle apr\u00e8s floraison<\/h2>\n<p>Quand les petites fleurs roses ou blanches fanent, prenez des ciseaux ou une cisaille et retaillez toute la touffe en d\u00f4me, en supprimant environ un tiers de la longueur des tiges. Restez syst\u00e9matiquement dans la partie verte et feuill\u00e9e : comme le romarin, le thym red\u00e9marre tr\u00e8s mal sur le vieux bois nu. Une seconde taille l\u00e9g\u00e8re est possible fin ao\u00fbt, jamais plus tard \u2014 les repousses d&rsquo;automne g\u00e8leraient.<\/p>\n<table>\n<thead>\n<tr>\n<th>Type de taille<\/th>\n<th>P\u00e9riode<\/th>\n<th>Intensit\u00e9<\/th>\n<\/tr>\n<\/thead>\n<tbody>\n<tr>\n<td>Taille principale<\/td>\n<td>Apr\u00e8s floraison (mai-juin)<\/td>\n<td>1\/3 de la touffe, en d\u00f4me<\/td>\n<\/tr>\n<tr>\n<td>R\u00e9colte cuisine<\/td>\n<td>Toute l&rsquo;ann\u00e9e, hors gel<\/td>\n<td>Quelques brins verts<\/td>\n<\/tr>\n<tr>\n<td>Rattrapage l\u00e9ger<\/td>\n<td>Fin ao\u00fbt au plus tard<\/td>\n<td>Pointes uniquement<\/td>\n<\/tr>\n<tr>\n<td>Taille dans le bois sec<\/td>\n<td>Jamais<\/td>\n<td>La branche ne repart pas<\/td>\n<\/tr>\n<\/tbody>\n<\/table>\n<h2>Mon thym devient sec : que faire ?<\/h2>\n<p>Un thym qui s\u00e8che par plaques est le plus souvent un thym \u00e2g\u00e9 jamais taill\u00e9 (le centre se lignifie naturellement) ou un thym qui a trop d&rsquo;eau \u2014 c&rsquo;est une plante de garrigue qui d\u00e9teste l&rsquo;humidit\u00e9 stagnante. Retaillez les parties encore vertes pour relancer la v\u00e9g\u00e9tation, supprimez le bois mort, et si la touffe est trop d\u00e9garnie, le plus efficace reste de la remplacer : un plant de thym se renouvelle id\u00e9alement tous les 4 \u00e0 6 ans, par bouture ou division.<\/p>\n<h2>R\u00e9colter au bon moment<\/h2>\n<p>Le parfum est \u00e0 son maximum juste avant et pendant la floraison, le matin apr\u00e8s \u00e9vaporation de la ros\u00e9e. Le thym est l&rsquo;une des herbes qui se s\u00e8chent le mieux : profitez de la taille annuelle pour faire s\u00e9cher les brins coup\u00e9s en bouquets.<\/p>\n<details>\n<summary>Comment couper le thym pour qu&rsquo;il repousse ?<\/summary>\n<p>Coupez des brins entiers dans la partie verte, au-dessus de zones feuill\u00e9es, plut\u00f4t que d&rsquo;effeuiller les tiges. La plante se ramifie sous chaque coupe.<\/p>\n<\/details>\n<details>\n<summary>Faut-il tailler le thym pour l&rsquo;hiver ?<\/summary>\n<p>Non. La derni\u00e8re taille se fait fin ao\u00fbt au plus tard. En hiver, contentez-vous de pr\u00e9lever quelques brins pour la cuisine.<\/p>\n<\/details>\n<details>\n<summary>Peut-on tailler thym et romarin en m\u00eame temps ?<\/summary>\n<p>Oui, les deux se taillent apr\u00e8s floraison, selon la m\u00eame r\u00e8gle : un tiers maximum, jamais dans le vieux bois.<\/p>\n<\/details>\n<h2>\u00c0 lire aussi<\/h2>\n<ul>\n<li><a href=\"https:\/\/herberiedelatille.fr\/blog\/potager\/carre-des-aromates\/herbes-aromatiques-le-guide-pratique-de-la-cuisine-au-jardin\/\">Herbes aromatiques : le guide pratique, de la cuisine au jardin<\/a><\/li>\n<li><a href=\"https:\/\/herberiedelatille.fr\/blog\/potager\/carre-des-aromates\/comment-tailler-le-romarin-sans-le-faire-mourir\/\">Comment tailler le romarin (sans le faire mourir) ?<\/a><\/li>\n<li><a href=\"https:\/\/herberiedelatille.fr\/blog\/potager\/carre-des-aromates\/comment-faire-secher-ses-herbes-aromatiques-menthe-thym-laurier\/\">Comment faire s\u00e9cher ses herbes aromatiques (menthe, thym, laurier\u2026) ?<\/a><\/li>\n<li><a href=\"https:\/\/herberiedelatille.fr\/blog\/potager\/carre-des-aromates\/que-met-on-dans-un-bouquet-garni-et-comment-le-faire\/\">Que met-on dans un bouquet garni (et comment le faire) ?<\/a><\/li>\n<\/ul>\n","protected":false},"excerpt":{"rendered":"","protected":false},"author":42,"featured_media":999999999,"comment_status":"open","ping_status":"open","sticky":false,"template":"","format":"standard","meta":{"_acf_changed":false,"manual_indexmenow":false,"indexmenow_id_project":0,"footnotes":""},"categories":[4616],"tags":[],"class_list":["post-7882","post","type-post","status-publish","format-standard","has-post-thumbnail","hentry","category-carre-des-aromates","generate-columns","tablet-grid-50","mobile-grid-100","grid-parent","grid-25"],"acf":[],"yoast_head":"<!-- This site is optimized with the Yoast SEO Premium plugin v21.3 (Yoast SEO v25.6) - https:\/\/yoast.com\/wordpress\/plugins\/seo\/ -->\n<title>Quand et comment tailler le thym ?<\/title>\n<meta name=\"description\" content=\"Taillez le thym une fois par an, juste apr\u00e8s sa floraison (mai-juin selon les r\u00e9gions), en raccourcissant les touffes d&#039;un tiers avec des ciseaux \u2014 sans\" \/>\n<meta name=\"robots\" content=\"index, follow, max-snippet:-1, max-image-preview:large, max-video-preview:-1\" \/>\n<link rel=\"canonical\" href=\"https:\/\/herberiedelatille.fr\/blog\/potager\/carre-des-aromates\/quand-et-comment-tailler-le-thym\/\" \/>\n<meta property=\"og:locale\" content=\"fr_FR\" \/>\n<meta property=\"og:type\" content=\"article\" \/>\n<meta property=\"og:title\" content=\"Quand et comment tailler le thym ?\" \/>\n<meta property=\"og:description\" content=\"Taillez le thym une fois par an, juste apr\u00e8s sa floraison (mai-juin selon les r\u00e9gions), en raccourcissant les touffes d&#039;un tiers avec des ciseaux \u2014 sans\" \/>\n<meta property=\"og:url\" content=\"https:\/\/herberiedelatille.fr\/blog\/potager\/carre-des-aromates\/quand-et-comment-tailler-le-thym\/\" \/>\n<meta property=\"og:site_name\" content=\"Herberie de la Tille\" \/>\n<meta name=\"author\" content=\"Antoine Bernard\" \/>\n<meta name=\"twitter:card\" content=\"summary_large_image\" \/>\n<script type=\"application\/ld+json\" class=\"yoast-schema-graph\">{\"@context\":\"https:\/\/schema.org\",\"@graph\":[{\"@type\":\"NewsArticle\",\"@id\":\"https:\/\/herberiedelatille.fr\/blog\/potager\/carre-des-aromates\/quand-et-comment-tailler-le-thym\/#article\",\"isPartOf\":{\"@id\":\"https:\/\/herberiedelatille.fr\/blog\/potager\/carre-des-aromates\/quand-et-comment-tailler-le-thym\/\"},\"author\":{\"name\":\"Antoine Bernard\",\"@id\":\"https:\/\/herberiedelatille.fr\/blog\/#\/schema\/person\/c0ae6942e0cc8b6ebd58dada6ee6c2af\"},\"headline\":\"Quand et comment tailler le thym ?\",\"datePublished\":\"2026-07-16T17:48:01+00:00\",\"dateModified\":\"2026-07-16T17:49:57+00:00\",\"mainEntityOfPage\":{\"@id\":\"https:\/\/herberiedelatille.fr\/blog\/potager\/carre-des-aromates\/quand-et-comment-tailler-le-thym\/\"},\"wordCount\":495,\"commentCount\":0,\"publisher\":{\"@id\":\"https:\/\/herberiedelatille.fr\/blog\/#organization\"},\"image\":{\"@id\":\"https:\/\/herberiedelatille.fr\/blog\/potager\/carre-des-aromates\/quand-et-comment-tailler-le-thym\/#primaryimage\"},\"thumbnailUrl\":\"https:\/\/images.pexels.com\/photos\/36378583\/pexels-photo-36378583.jpeg?auto=compress&cs=tinysrgb&fit=crop&h=627&w=1200\",\"articleSection\":[\"Le carr\u00e9 des aromates\"],\"inLanguage\":\"fr-FR\",\"potentialAction\":[{\"@type\":\"CommentAction\",\"name\":\"Comment\",\"target\":[\"https:\/\/herberiedelatille.fr\/blog\/potager\/carre-des-aromates\/quand-et-comment-tailler-le-thym\/#respond\"]}]},{\"@type\":\"WebPage\",\"@id\":\"https:\/\/herberiedelatille.fr\/blog\/potager\/carre-des-aromates\/quand-et-comment-tailler-le-thym\/\",\"url\":\"https:\/\/herberiedelatille.fr\/blog\/potager\/carre-des-aromates\/quand-et-comment-tailler-le-thym\/\",\"name\":\"Quand et comment tailler le thym ?\",\"isPartOf\":{\"@id\":\"https:\/\/herberiedelatille.fr\/blog\/#website\"},\"primaryImageOfPage\":{\"@id\":\"https:\/\/herberiedelatille.fr\/blog\/potager\/carre-des-aromates\/quand-et-comment-tailler-le-thym\/#primaryimage\"},\"image\":{\"@id\":\"https:\/\/herberiedelatille.fr\/blog\/potager\/carre-des-aromates\/quand-et-comment-tailler-le-thym\/#primaryimage\"},\"thumbnailUrl\":\"https:\/\/images.pexels.com\/photos\/36378583\/pexels-photo-36378583.jpeg?auto=compress&cs=tinysrgb&fit=crop&h=627&w=1200\",\"datePublished\":\"2026-07-16T17:48:01+00:00\",\"dateModified\":\"2026-07-16T17:49:57+00:00\",\"description\":\"Taillez le thym une fois par an, juste apr\u00e8s sa floraison (mai-juin selon les r\u00e9gions), en raccourcissant les touffes d'un tiers avec des ciseaux \u2014 sans\",\"inLanguage\":\"fr-FR\",\"potentialAction\":[{\"@type\":\"ReadAction\",\"target\":[\"https:\/\/herberiedelatille.fr\/blog\/potager\/carre-des-aromates\/quand-et-comment-tailler-le-thym\/\"]}]},{\"@type\":\"ImageObject\",\"inLanguage\":\"fr-FR\",\"@id\":\"https:\/\/herberiedelatille.fr\/blog\/potager\/carre-des-aromates\/quand-et-comment-tailler-le-thym\/#primaryimage\",\"url\":\"https:\/\/images.pexels.com\/photos\/36378583\/pexels-photo-36378583.jpeg?auto=compress&cs=tinysrgb&fit=crop&h=627&w=1200\",\"contentUrl\":\"https:\/\/images.pexels.com\/photos\/36378583\/pexels-photo-36378583.jpeg?auto=compress&cs=tinysrgb&fit=crop&h=627&w=1200\"},{\"@type\":\"WebSite\",\"@id\":\"https:\/\/herberiedelatille.fr\/blog\/#website\",\"url\":\"https:\/\/herberiedelatille.fr\/blog\/\",\"name\":\"Herberie de la Tille\",\"description\":\"Le m\u00e9dia de la botanique pratique \u2014 plantes, herboristerie, identification\",\"publisher\":{\"@id\":\"https:\/\/herberiedelatille.fr\/blog\/#organization\"},\"alternateName\":\"Herberie de la Tille\",\"potentialAction\":[{\"@type\":\"SearchAction\",\"target\":{\"@type\":\"EntryPoint\",\"urlTemplate\":\"https:\/\/herberiedelatille.fr\/blog\/?s={search_term_string}\"},\"query-input\":{\"@type\":\"PropertyValueSpecification\",\"valueRequired\":true,\"valueName\":\"search_term_string\"}}],\"inLanguage\":\"fr-FR\"},{\"@type\":\"Organization\",\"@id\":\"https:\/\/herberiedelatille.fr\/blog\/#organization\",\"name\":\"Herberie de la Tille\",\"url\":\"https:\/\/herberiedelatille.fr\/blog\/\",\"logo\":{\"@type\":\"ImageObject\",\"inLanguage\":\"fr-FR\",\"@id\":\"https:\/\/herberiedelatille.fr\/blog\/#\/schema\/logo\/image\/\",\"url\":\"https:\/\/herberiedelatille.fr\/blog\/wp-content\/uploads\/2024\/12\/herberiedelatille.png\",\"contentUrl\":\"https:\/\/herberiedelatille.fr\/blog\/wp-content\/uploads\/2024\/12\/herberiedelatille.png\",\"width\":500,\"height\":500,\"caption\":\"Herberie de la Tille\"},\"image\":{\"@id\":\"https:\/\/herberiedelatille.fr\/blog\/#\/schema\/logo\/image\/\"}},{\"@type\":\"Person\",\"@id\":\"https:\/\/herberiedelatille.fr\/blog\/#\/schema\/person\/c0ae6942e0cc8b6ebd58dada6ee6c2af\",\"name\":\"Antoine Bernard\",\"image\":{\"@type\":\"ImageObject\",\"inLanguage\":\"fr-FR\",\"@id\":\"https:\/\/herberiedelatille.fr\/blog\/#\/schema\/person\/image\/\",\"url\":\"https:\/\/secure.gravatar.com\/avatar\/?s=96&d=mm&r=g\",\"contentUrl\":\"https:\/\/secure.gravatar.com\/avatar\/?s=96&d=mm&r=g\",\"caption\":\"Antoine Bernard\"},\"description\":\"Photographe naturaliste et auteur.\",\"sameAs\":[\"https:\/\/bernardantoine.fr\/\"],\"url\":\"https:\/\/herberiedelatille.fr\/blog\/auteur\/antoine-bernard\/\",\"jobTitle\":\"Contributeur m\u00e9canique\",\"email\":\"antoine.bernard@autosmythiques57.fr\"}]}<\/script>\n<!-- \/ Yoast SEO Premium plugin. -->","yoast_head_json":{"title":"Quand et comment tailler le thym ?","description":"Taillez le thym une fois par an, juste apr\u00e8s sa floraison (mai-juin selon les r\u00e9gions), en raccourcissant les touffes d'un tiers avec des ciseaux \u2014 sans","robots":{"index":"index","follow":"follow","max-snippet":"max-snippet:-1","max-image-preview":"max-image-preview:large","max-video-preview":"max-video-preview:-1"},"canonical":"https:\/\/herberiedelatille.fr\/blog\/potager\/carre-des-aromates\/quand-et-comment-tailler-le-thym\/","og_locale":"fr_FR","og_type":"article","og_title":"Quand et comment tailler le thym ?","og_description":"Taillez le thym une fois par an, juste apr\u00e8s sa floraison (mai-juin selon les r\u00e9gions), en raccourcissant les touffes d'un tiers avec des ciseaux \u2014 sans","og_url":"https:\/\/herberiedelatille.fr\/blog\/potager\/carre-des-aromates\/quand-et-comment-tailler-le-thym\/","og_site_name":"Herberie de la Tille","author":"Antoine Bernard","twitter_card":"summary_large_image","schema":{"@context":"https:\/\/schema.org","@graph":[{"@type":"NewsArticle","@id":"https:\/\/herberiedelatille.fr\/blog\/potager\/carre-des-aromates\/quand-et-comment-tailler-le-thym\/#article","isPartOf":{"@id":"https:\/\/herberiedelatille.fr\/blog\/potager\/carre-des-aromates\/quand-et-comment-tailler-le-thym\/"},"author":{"name":"Antoine Bernard","@id":"https:\/\/herberiedelatille.fr\/blog\/#\/schema\/person\/c0ae6942e0cc8b6ebd58dada6ee6c2af"},"headline":"Quand et comment tailler le thym ?","datePublished":"2026-07-16T17:48:01+00:00","dateModified":"2026-07-16T17:49:57+00:00","mainEntityOfPage":{"@id":"https:\/\/herberiedelatille.fr\/blog\/potager\/carre-des-aromates\/quand-et-comment-tailler-le-thym\/"},"wordCount":495,"commentCount":0,"publisher":{"@id":"https:\/\/herberiedelatille.fr\/blog\/#organization"},"image":{"@id":"https:\/\/herberiedelatille.fr\/blog\/potager\/carre-des-aromates\/quand-et-comment-tailler-le-thym\/#primaryimage"},"thumbnailUrl":"https:\/\/images.pexels.com\/photos\/36378583\/pexels-photo-36378583.jpeg?auto=compress&cs=tinysrgb&fit=crop&h=627&w=1200","articleSection":["Le carr\u00e9 des aromates"],"inLanguage":"fr-FR","potentialAction":[{"@type":"CommentAction","name":"Comment","target":["https:\/\/herberiedelatille.fr\/blog\/potager\/carre-des-aromates\/quand-et-comment-tailler-le-thym\/#respond"]}]},{"@type":"WebPage","@id":"https:\/\/herberiedelatille.fr\/blog\/potager\/carre-des-aromates\/quand-et-comment-tailler-le-thym\/","url":"https:\/\/herberiedelatille.fr\/blog\/potager\/carre-des-aromates\/quand-et-comment-tailler-le-thym\/","name":"Quand et comment tailler le thym ?","isPartOf":{"@id":"https:\/\/herberiedelatille.fr\/blog\/#website"},"primaryImageOfPage":{"@id":"https:\/\/herberiedelatille.fr\/blog\/potager\/carre-des-aromates\/quand-et-comment-tailler-le-thym\/#primaryimage"},"image":{"@id":"https:\/\/herberiedelatille.fr\/blog\/potager\/carre-des-aromates\/quand-et-comment-tailler-le-thym\/#primaryimage"},"thumbnailUrl":"https:\/\/images.pexels.com\/photos\/36378583\/pexels-photo-36378583.jpeg?auto=compress&cs=tinysrgb&fit=crop&h=627&w=1200","datePublished":"2026-07-16T17:48:01+00:00","dateModified":"2026-07-16T17:49:57+00:00","description":"Taillez le thym une fois par an, juste apr\u00e8s sa floraison (mai-juin selon les r\u00e9gions), en raccourcissant les touffes d'un tiers avec des ciseaux \u2014 sans","inLanguage":"fr-FR","potentialAction":[{"@type":"ReadAction","target":["https:\/\/herberiedelatille.fr\/blog\/potager\/carre-des-aromates\/quand-et-comment-tailler-le-thym\/"]}]},{"@type":"ImageObject","inLanguage":"fr-FR","@id":"https:\/\/herberiedelatille.fr\/blog\/potager\/carre-des-aromates\/quand-et-comment-tailler-le-thym\/#primaryimage","url":"https:\/\/images.pexels.com\/photos\/36378583\/pexels-photo-36378583.jpeg?auto=compress&cs=tinysrgb&fit=crop&h=627&w=1200","contentUrl":"https:\/\/images.pexels.com\/photos\/36378583\/pexels-photo-36378583.jpeg?auto=compress&cs=tinysrgb&fit=crop&h=627&w=1200"},{"@type":"WebSite","@id":"https:\/\/herberiedelatille.fr\/blog\/#website","url":"https:\/\/herberiedelatille.fr\/blog\/","name":"Herberie de la Tille","description":"Le m\u00e9dia de la botanique pratique \u2014 plantes, herboristerie, identification","publisher":{"@id":"https:\/\/herberiedelatille.fr\/blog\/#organization"},"alternateName":"Herberie de la Tille","potentialAction":[{"@type":"SearchAction","target":{"@type":"EntryPoint","urlTemplate":"https:\/\/herberiedelatille.fr\/blog\/?s={search_term_string}"},"query-input":{"@type":"PropertyValueSpecification","valueRequired":true,"valueName":"search_term_string"}}],"inLanguage":"fr-FR"},{"@type":"Organization","@id":"https:\/\/herberiedelatille.fr\/blog\/#organization","name":"Herberie de la Tille","url":"https:\/\/herberiedelatille.fr\/blog\/","logo":{"@type":"ImageObject","inLanguage":"fr-FR","@id":"https:\/\/herberiedelatille.fr\/blog\/#\/schema\/logo\/image\/","url":"https:\/\/herberiedelatille.fr\/blog\/wp-content\/uploads\/2024\/12\/herberiedelatille.png","contentUrl":"https:\/\/herberiedelatille.fr\/blog\/wp-content\/uploads\/2024\/12\/herberiedelatille.png","width":500,"height":500,"caption":"Herberie de la Tille"},"image":{"@id":"https:\/\/herberiedelatille.fr\/blog\/#\/schema\/logo\/image\/"}},{"@type":"Person","@id":"https:\/\/herberiedelatille.fr\/blog\/#\/schema\/person\/c0ae6942e0cc8b6ebd58dada6ee6c2af","name":"Antoine Bernard","image":{"@type":"ImageObject","inLanguage":"fr-FR","@id":"https:\/\/herberiedelatille.fr\/blog\/#\/schema\/person\/image\/","url":"https:\/\/secure.gravatar.com\/avatar\/?s=96&d=mm&r=g","contentUrl":"https:\/\/secure.gravatar.com\/avatar\/?s=96&d=mm&r=g","caption":"Antoine Bernard"},"description":"Photographe naturaliste et auteur.","sameAs":["https:\/\/bernardantoine.fr\/"],"url":"https:\/\/herberiedelatille.fr\/blog\/auteur\/antoine-bernard\/","jobTitle":"Contributeur m\u00e9canique","email":"antoine.bernard@autosmythiques57.fr"}]}},"_links":{"self":[{"href":"https:\/\/herberiedelatille.fr\/blog\/wp-json\/wp\/v2\/posts\/7882","targetHints":{"allow":["GET"]}}],"collection":[{"href":"https:\/\/herberiedelatille.fr\/blog\/wp-json\/wp\/v2\/posts"}],"about":[{"href":"https:\/\/herberiedelatille.fr\/blog\/wp-json\/wp\/v2\/types\/post"}],"author":[{"embeddable":true,"href":"https:\/\/herberiedelatille.fr\/blog\/wp-json\/wp\/v2\/users\/42"}],"replies":[{"embeddable":true,"href":"https:\/\/herberiedelatille.fr\/blog\/wp-json\/wp\/v2\/comments?post=7882"}],"version-history":[{"count":1,"href":"https:\/\/herberiedelatille.fr\/blog\/wp-json\/wp\/v2\/posts\/7882\/revisions"}],"predecessor-version":[{"id":7895,"href":"https:\/\/herberiedelatille.fr\/blog\/wp-json\/wp\/v2\/posts\/7882\/revisions\/7895"}],"wp:attachment":[{"href":"https:\/\/herberiedelatille.fr\/blog\/wp-json\/wp\/v2\/media?parent=7882"}],"wp:term":[{"taxonomy":"category","embeddable":true,"href":"https:\/\/herberiedelatille.fr\/blog\/wp-json\/wp\/v2\/categories?post=7882"},{"taxonomy":"post_tag","embeddable":true,"href":"https:\/\/herberiedelatille.fr\/blog\/wp-json\/wp\/v2\/tags?post=7882"}],"curies":[{"name":"wp","href":"https:\/\/api.w.org\/{rel}","templated":true}]}}