{"id":7883,"date":"2026-07-16T19:48:06","date_gmt":"2026-07-16T17:48:06","guid":{"rendered":"https:\/\/herberiedelatille.fr\/blog\/potager\/carre-des-aromates\/comment-faire-secher-ses-herbes-aromatiques-menthe-thym-laurier\/"},"modified":"2026-07-16T19:50:00","modified_gmt":"2026-07-16T17:50:00","slug":"comment-faire-secher-ses-herbes-aromatiques-menthe-thym-laurier","status":"publish","type":"post","link":"https:\/\/herberiedelatille.fr\/blog\/potager\/carre-des-aromates\/comment-faire-secher-ses-herbes-aromatiques-menthe-thym-laurier\/","title":{"rendered":"Comment faire s\u00e9cher ses herbes aromatiques (menthe, thym, laurier\u2026) ?"},"content":{"rendered":"<p><strong>La m\u00e9thode la plus fiable pour s\u00e9cher les herbes aromatiques reste le bouquet suspendu t\u00eate en bas dans une pi\u00e8ce s\u00e8che, a\u00e9r\u00e9e et \u00e0 l&rsquo;abri de la lumi\u00e8re directe : comptez 1 \u00e0 2 semaines, jusqu&rsquo;\u00e0 ce que les feuilles s&rsquo;\u00e9miettent entre les doigts.<\/strong> C&rsquo;est gratuit, \u00e7a ne demande aucun mat\u00e9riel, et \u00e7a pr\u00e9serve mieux les ar\u00f4mes qu&rsquo;un s\u00e9chage trop rapide au four.<\/p>\n<h2>La m\u00e9thode du bouquet suspendu<\/h2>\n<p>R\u00e9coltez le matin, une fois la ros\u00e9e \u00e9vapor\u00e9e, id\u00e9alement juste avant la floraison quand les feuilles sont les plus concentr\u00e9es en ar\u00f4mes. Formez de petits bouquets de 5 \u00e0 10 tiges (pas plus, sinon le c\u0153ur moisit), li\u00e9s avec une ficelle, et suspendez-les t\u00eate en bas \u2014 la position invers\u00e9e \u00e9vite que les tiges ne s&rsquo;affaissent. Une cave saine, un cellier ou un placard a\u00e9r\u00e9 font parfaitement l&rsquo;affaire. Les herbes sont pr\u00eates quand elles cassent net au lieu de plier.<\/p>\n<h2>Toutes les herbes ne se s\u00e8chent pas bien<\/h2>\n<table>\n<thead>\n<tr>\n<th>Herbe<\/th>\n<th>S\u00e9chage<\/th>\n<th>Alternative conseill\u00e9e<\/th>\n<\/tr>\n<\/thead>\n<tbody>\n<tr>\n<td>Thym, romarin, origan, sarriette, laurier<\/td>\n<td>Excellent : le parfum se conserve, voire se concentre<\/td>\n<td>\u2014<\/td>\n<\/tr>\n<tr>\n<td>Menthe, verveine, sauge<\/td>\n<td>Bon, feuilles enti\u00e8res \u00e0 l&rsquo;abri de la lumi\u00e8re<\/td>\n<td>\u2014<\/td>\n<\/tr>\n<tr>\n<td>Persil, estragon<\/td>\n<td>Moyen : perte d&rsquo;ar\u00f4me sensible<\/td>\n<td>Cong\u00e9lation<\/td>\n<\/tr>\n<tr>\n<td>Basilic, ciboulette, coriandre feuille<\/td>\n<td>Mauvais : l&rsquo;essentiel du parfum dispara\u00eet<\/td>\n<td>Cong\u00e9lation (gla\u00e7ons d&rsquo;huile)<\/td>\n<\/tr>\n<\/tbody>\n<\/table>\n<p>La r\u00e8gle g\u00e9n\u00e9rale : plus une herbe est \u00ab dure \u00bb et m\u00e9diterran\u00e9enne, mieux elle s\u00e8che ; plus elle est tendre et aqueuse, plus la cong\u00e9lation lui convient.<\/p>\n<h2>Four et d\u00e9shydrateur : possibles, avec prudence<\/h2>\n<p>Au four, restez sous 40 \u00e0 50 \u00b0C, porte entrouverte, en surveillant : au-del\u00e0, les huiles essentielles s&rsquo;\u00e9vaporent et il ne reste qu&rsquo;un foin vert. Un d\u00e9shydrateur \u00e0 basse temp\u00e9rature (35-45 \u00b0C) donne un r\u00e9sultat r\u00e9gulier en quelques heures. Dans tous les cas, stockez ensuite les herbes en bocaux herm\u00e9tiques, feuilles enti\u00e8res de pr\u00e9f\u00e9rence (\u00e9miettez au dernier moment), \u00e0 l&rsquo;abri de la lumi\u00e8re : elles gardent un bon parfum environ un an.<\/p>\n<details>\n<summary>Comment faire s\u00e9cher la menthe naturellement ?<\/summary>\n<p>En bouquets suspendus 1 \u00e0 2 semaines, ou feuilles \u00e9tal\u00e9es en une seule couche sur un torchon, retourn\u00e9es tous les 2 jours. \u00c0 l&rsquo;ombre imp\u00e9rativement : la lumi\u00e8re d\u00e9colore les feuilles et d\u00e9grade le parfum.<\/p>\n<\/details>\n<details>\n<summary>Peut-on s\u00e9cher les herbes au micro-ondes ?<\/summary>\n<p>C&rsquo;est possible par impulsions tr\u00e8s courtes entre deux feuilles de papier absorbant, mais le risque de br\u00fbler les feuilles est \u00e9lev\u00e9. M\u00e9thode de d\u00e9pannage uniquement.<\/p>\n<\/details>\n<details>\n<summary>Pourquoi mes herbes s\u00e9ch\u00e9es n&rsquo;ont plus de go\u00fbt ?<\/summary>\n<p>S\u00e9chage trop chaud, trop long, \u00e0 la lumi\u00e8re, ou herbe qui supporte simplement mal le s\u00e9chage (basilic, ciboulette). V\u00e9rifiez aussi l&rsquo;\u00e2ge du bocal : au-del\u00e0 d&rsquo;un an, le parfum s&rsquo;\u00e9teint.<\/p>\n<\/details>\n<h2>\u00c0 lire aussi<\/h2>\n<ul>\n<li><a href=\"https:\/\/herberiedelatille.fr\/blog\/potager\/carre-des-aromates\/herbes-aromatiques-le-guide-pratique-de-la-cuisine-au-jardin\/\">Herbes aromatiques : le guide pratique, de la cuisine au jardin<\/a><\/li>\n<li><a href=\"https:\/\/herberiedelatille.fr\/blog\/potager\/carre-des-aromates\/peut-on-congeler-les-herbes-aromatiques-fraiches\/\">Peut-on congeler les herbes aromatiques fra\u00eeches ?<\/a><\/li>\n<li><a href=\"https:\/\/herberiedelatille.fr\/blog\/potager\/carre-des-aromates\/que-contient-vraiment-le-melange-herbes-de-provence\/\">Que contient vraiment le m\u00e9lange \u00ab herbes de Provence \u00bb ?<\/a><\/li>\n<li><a href=\"https:\/\/herberiedelatille.fr\/blog\/potager\/carre-des-aromates\/comment-tailler-le-romarin-sans-le-faire-mourir\/\">Comment tailler le romarin (sans le faire mourir) ?<\/a><\/li>\n<\/ul>\n","protected":false},"excerpt":{"rendered":"","protected":false},"author":42,"featured_media":999999999,"comment_status":"open","ping_status":"open","sticky":false,"template":"","format":"standard","meta":{"_acf_changed":false,"manual_indexmenow":false,"indexmenow_id_project":0,"footnotes":""},"categories":[4616],"tags":[],"class_list":["post-7883","post","type-post","status-publish","format-standard","has-post-thumbnail","hentry","category-carre-des-aromates","generate-columns","tablet-grid-50","mobile-grid-100","grid-parent","grid-25"],"acf":[],"yoast_head":"<!-- This site is optimized with the Yoast SEO Premium plugin v21.3 (Yoast SEO v25.6) - https:\/\/yoast.com\/wordpress\/plugins\/seo\/ -->\n<title>Comment faire s\u00e9cher ses herbes aromatiques (menthe, thym, laurier\u2026) ?<\/title>\n<meta name=\"description\" content=\"La m\u00e9thode la plus fiable pour s\u00e9cher les herbes aromatiques reste le bouquet suspendu t\u00eate en bas dans une pi\u00e8ce s\u00e8che, a\u00e9r\u00e9e et \u00e0 l&#039;abri de la lumi\u00e8re\" \/>\n<meta name=\"robots\" content=\"index, follow, max-snippet:-1, max-image-preview:large, max-video-preview:-1\" \/>\n<link rel=\"canonical\" href=\"https:\/\/herberiedelatille.fr\/blog\/potager\/carre-des-aromates\/comment-faire-secher-ses-herbes-aromatiques-menthe-thym-laurier\/\" \/>\n<meta property=\"og:locale\" content=\"fr_FR\" \/>\n<meta property=\"og:type\" content=\"article\" \/>\n<meta property=\"og:title\" content=\"Comment faire s\u00e9cher ses herbes aromatiques (menthe, thym, laurier\u2026) ?\" \/>\n<meta property=\"og:description\" content=\"La m\u00e9thode la plus fiable pour s\u00e9cher les herbes aromatiques reste le bouquet suspendu t\u00eate en bas dans une pi\u00e8ce s\u00e8che, a\u00e9r\u00e9e et \u00e0 l&#039;abri de la lumi\u00e8re\" \/>\n<meta property=\"og:url\" content=\"https:\/\/herberiedelatille.fr\/blog\/potager\/carre-des-aromates\/comment-faire-secher-ses-herbes-aromatiques-menthe-thym-laurier\/\" \/>\n<meta property=\"og:site_name\" content=\"Herberie de la Tille\" \/>\n<meta name=\"author\" content=\"Antoine Bernard\" \/>\n<meta name=\"twitter:card\" content=\"summary_large_image\" \/>\n<script type=\"application\/ld+json\" class=\"yoast-schema-graph\">{\"@context\":\"https:\/\/schema.org\",\"@graph\":[{\"@type\":\"NewsArticle\",\"@id\":\"https:\/\/herberiedelatille.fr\/blog\/potager\/carre-des-aromates\/comment-faire-secher-ses-herbes-aromatiques-menthe-thym-laurier\/#article\",\"isPartOf\":{\"@id\":\"https:\/\/herberiedelatille.fr\/blog\/potager\/carre-des-aromates\/comment-faire-secher-ses-herbes-aromatiques-menthe-thym-laurier\/\"},\"author\":{\"name\":\"Antoine Bernard\",\"@id\":\"https:\/\/herberiedelatille.fr\/blog\/#\/schema\/person\/c0ae6942e0cc8b6ebd58dada6ee6c2af\"},\"headline\":\"Comment faire s\u00e9cher ses herbes aromatiques (menthe, thym, laurier\u2026) ?\",\"datePublished\":\"2026-07-16T17:48:06+00:00\",\"dateModified\":\"2026-07-16T17:50:00+00:00\",\"mainEntityOfPage\":{\"@id\":\"https:\/\/herberiedelatille.fr\/blog\/potager\/carre-des-aromates\/comment-faire-secher-ses-herbes-aromatiques-menthe-thym-laurier\/\"},\"wordCount\":526,\"commentCount\":0,\"publisher\":{\"@id\":\"https:\/\/herberiedelatille.fr\/blog\/#organization\"},\"image\":{\"@id\":\"https:\/\/herberiedelatille.fr\/blog\/potager\/carre-des-aromates\/comment-faire-secher-ses-herbes-aromatiques-menthe-thym-laurier\/#primaryimage\"},\"thumbnailUrl\":\"https:\/\/images.pexels.com\/photos\/37358124\/pexels-photo-37358124.jpeg?auto=compress&cs=tinysrgb&fit=crop&h=627&w=1200\",\"articleSection\":[\"Le carr\u00e9 des aromates\"],\"inLanguage\":\"fr-FR\",\"potentialAction\":[{\"@type\":\"CommentAction\",\"name\":\"Comment\",\"target\":[\"https:\/\/herberiedelatille.fr\/blog\/potager\/carre-des-aromates\/comment-faire-secher-ses-herbes-aromatiques-menthe-thym-laurier\/#respond\"]}]},{\"@type\":\"WebPage\",\"@id\":\"https:\/\/herberiedelatille.fr\/blog\/potager\/carre-des-aromates\/comment-faire-secher-ses-herbes-aromatiques-menthe-thym-laurier\/\",\"url\":\"https:\/\/herberiedelatille.fr\/blog\/potager\/carre-des-aromates\/comment-faire-secher-ses-herbes-aromatiques-menthe-thym-laurier\/\",\"name\":\"Comment faire s\u00e9cher ses herbes aromatiques (menthe, thym, laurier\u2026) ?\",\"isPartOf\":{\"@id\":\"https:\/\/herberiedelatille.fr\/blog\/#website\"},\"primaryImageOfPage\":{\"@id\":\"https:\/\/herberiedelatille.fr\/blog\/potager\/carre-des-aromates\/comment-faire-secher-ses-herbes-aromatiques-menthe-thym-laurier\/#primaryimage\"},\"image\":{\"@id\":\"https:\/\/herberiedelatille.fr\/blog\/potager\/carre-des-aromates\/comment-faire-secher-ses-herbes-aromatiques-menthe-thym-laurier\/#primaryimage\"},\"thumbnailUrl\":\"https:\/\/images.pexels.com\/photos\/37358124\/pexels-photo-37358124.jpeg?auto=compress&cs=tinysrgb&fit=crop&h=627&w=1200\",\"datePublished\":\"2026-07-16T17:48:06+00:00\",\"dateModified\":\"2026-07-16T17:50:00+00:00\",\"description\":\"La m\u00e9thode la plus fiable pour s\u00e9cher les herbes aromatiques reste le bouquet suspendu t\u00eate en bas dans une pi\u00e8ce s\u00e8che, a\u00e9r\u00e9e et \u00e0 l'abri de la lumi\u00e8re\",\"inLanguage\":\"fr-FR\",\"potentialAction\":[{\"@type\":\"ReadAction\",\"target\":[\"https:\/\/herberiedelatille.fr\/blog\/potager\/carre-des-aromates\/comment-faire-secher-ses-herbes-aromatiques-menthe-thym-laurier\/\"]}]},{\"@type\":\"ImageObject\",\"inLanguage\":\"fr-FR\",\"@id\":\"https:\/\/herberiedelatille.fr\/blog\/potager\/carre-des-aromates\/comment-faire-secher-ses-herbes-aromatiques-menthe-thym-laurier\/#primaryimage\",\"url\":\"https:\/\/images.pexels.com\/photos\/37358124\/pexels-photo-37358124.jpeg?auto=compress&cs=tinysrgb&fit=crop&h=627&w=1200\",\"contentUrl\":\"https:\/\/images.pexels.com\/photos\/37358124\/pexels-photo-37358124.jpeg?auto=compress&cs=tinysrgb&fit=crop&h=627&w=1200\"},{\"@type\":\"WebSite\",\"@id\":\"https:\/\/herberiedelatille.fr\/blog\/#website\",\"url\":\"https:\/\/herberiedelatille.fr\/blog\/\",\"name\":\"Herberie de la Tille\",\"description\":\"Le m\u00e9dia de la botanique pratique \u2014 plantes, herboristerie, identification\",\"publisher\":{\"@id\":\"https:\/\/herberiedelatille.fr\/blog\/#organization\"},\"alternateName\":\"Herberie de la Tille\",\"potentialAction\":[{\"@type\":\"SearchAction\",\"target\":{\"@type\":\"EntryPoint\",\"urlTemplate\":\"https:\/\/herberiedelatille.fr\/blog\/?s={search_term_string}\"},\"query-input\":{\"@type\":\"PropertyValueSpecification\",\"valueRequired\":true,\"valueName\":\"search_term_string\"}}],\"inLanguage\":\"fr-FR\"},{\"@type\":\"Organization\",\"@id\":\"https:\/\/herberiedelatille.fr\/blog\/#organization\",\"name\":\"Herberie de la Tille\",\"url\":\"https:\/\/herberiedelatille.fr\/blog\/\",\"logo\":{\"@type\":\"ImageObject\",\"inLanguage\":\"fr-FR\",\"@id\":\"https:\/\/herberiedelatille.fr\/blog\/#\/schema\/logo\/image\/\",\"url\":\"https:\/\/herberiedelatille.fr\/blog\/wp-content\/uploads\/2024\/12\/herberiedelatille.png\",\"contentUrl\":\"https:\/\/herberiedelatille.fr\/blog\/wp-content\/uploads\/2024\/12\/herberiedelatille.png\",\"width\":500,\"height\":500,\"caption\":\"Herberie de la Tille\"},\"image\":{\"@id\":\"https:\/\/herberiedelatille.fr\/blog\/#\/schema\/logo\/image\/\"}},{\"@type\":\"Person\",\"@id\":\"https:\/\/herberiedelatille.fr\/blog\/#\/schema\/person\/c0ae6942e0cc8b6ebd58dada6ee6c2af\",\"name\":\"Antoine Bernard\",\"image\":{\"@type\":\"ImageObject\",\"inLanguage\":\"fr-FR\",\"@id\":\"https:\/\/herberiedelatille.fr\/blog\/#\/schema\/person\/image\/\",\"url\":\"https:\/\/secure.gravatar.com\/avatar\/?s=96&d=mm&r=g\",\"contentUrl\":\"https:\/\/secure.gravatar.com\/avatar\/?s=96&d=mm&r=g\",\"caption\":\"Antoine Bernard\"},\"description\":\"Photographe naturaliste et auteur.\",\"sameAs\":[\"https:\/\/bernardantoine.fr\/\"],\"url\":\"https:\/\/herberiedelatille.fr\/blog\/auteur\/antoine-bernard\/\",\"jobTitle\":\"Contributeur m\u00e9canique\",\"email\":\"antoine.bernard@autosmythiques57.fr\"}]}<\/script>\n<!-- \/ Yoast SEO Premium plugin. -->","yoast_head_json":{"title":"Comment faire s\u00e9cher ses herbes aromatiques (menthe, thym, laurier\u2026) ?","description":"La m\u00e9thode la plus fiable pour s\u00e9cher les herbes aromatiques reste le bouquet suspendu t\u00eate en bas dans une pi\u00e8ce s\u00e8che, a\u00e9r\u00e9e et \u00e0 l'abri de la lumi\u00e8re","robots":{"index":"index","follow":"follow","max-snippet":"max-snippet:-1","max-image-preview":"max-image-preview:large","max-video-preview":"max-video-preview:-1"},"canonical":"https:\/\/herberiedelatille.fr\/blog\/potager\/carre-des-aromates\/comment-faire-secher-ses-herbes-aromatiques-menthe-thym-laurier\/","og_locale":"fr_FR","og_type":"article","og_title":"Comment faire s\u00e9cher ses herbes aromatiques (menthe, thym, laurier\u2026) ?","og_description":"La m\u00e9thode la plus fiable pour s\u00e9cher les herbes aromatiques reste le bouquet suspendu t\u00eate en bas dans une pi\u00e8ce s\u00e8che, a\u00e9r\u00e9e et \u00e0 l'abri de la lumi\u00e8re","og_url":"https:\/\/herberiedelatille.fr\/blog\/potager\/carre-des-aromates\/comment-faire-secher-ses-herbes-aromatiques-menthe-thym-laurier\/","og_site_name":"Herberie de la Tille","author":"Antoine Bernard","twitter_card":"summary_large_image","schema":{"@context":"https:\/\/schema.org","@graph":[{"@type":"NewsArticle","@id":"https:\/\/herberiedelatille.fr\/blog\/potager\/carre-des-aromates\/comment-faire-secher-ses-herbes-aromatiques-menthe-thym-laurier\/#article","isPartOf":{"@id":"https:\/\/herberiedelatille.fr\/blog\/potager\/carre-des-aromates\/comment-faire-secher-ses-herbes-aromatiques-menthe-thym-laurier\/"},"author":{"name":"Antoine Bernard","@id":"https:\/\/herberiedelatille.fr\/blog\/#\/schema\/person\/c0ae6942e0cc8b6ebd58dada6ee6c2af"},"headline":"Comment faire s\u00e9cher ses herbes aromatiques (menthe, thym, laurier\u2026) ?","datePublished":"2026-07-16T17:48:06+00:00","dateModified":"2026-07-16T17:50:00+00:00","mainEntityOfPage":{"@id":"https:\/\/herberiedelatille.fr\/blog\/potager\/carre-des-aromates\/comment-faire-secher-ses-herbes-aromatiques-menthe-thym-laurier\/"},"wordCount":526,"commentCount":0,"publisher":{"@id":"https:\/\/herberiedelatille.fr\/blog\/#organization"},"image":{"@id":"https:\/\/herberiedelatille.fr\/blog\/potager\/carre-des-aromates\/comment-faire-secher-ses-herbes-aromatiques-menthe-thym-laurier\/#primaryimage"},"thumbnailUrl":"https:\/\/images.pexels.com\/photos\/37358124\/pexels-photo-37358124.jpeg?auto=compress&cs=tinysrgb&fit=crop&h=627&w=1200","articleSection":["Le carr\u00e9 des aromates"],"inLanguage":"fr-FR","potentialAction":[{"@type":"CommentAction","name":"Comment","target":["https:\/\/herberiedelatille.fr\/blog\/potager\/carre-des-aromates\/comment-faire-secher-ses-herbes-aromatiques-menthe-thym-laurier\/#respond"]}]},{"@type":"WebPage","@id":"https:\/\/herberiedelatille.fr\/blog\/potager\/carre-des-aromates\/comment-faire-secher-ses-herbes-aromatiques-menthe-thym-laurier\/","url":"https:\/\/herberiedelatille.fr\/blog\/potager\/carre-des-aromates\/comment-faire-secher-ses-herbes-aromatiques-menthe-thym-laurier\/","name":"Comment faire s\u00e9cher ses herbes aromatiques (menthe, thym, laurier\u2026) ?","isPartOf":{"@id":"https:\/\/herberiedelatille.fr\/blog\/#website"},"primaryImageOfPage":{"@id":"https:\/\/herberiedelatille.fr\/blog\/potager\/carre-des-aromates\/comment-faire-secher-ses-herbes-aromatiques-menthe-thym-laurier\/#primaryimage"},"image":{"@id":"https:\/\/herberiedelatille.fr\/blog\/potager\/carre-des-aromates\/comment-faire-secher-ses-herbes-aromatiques-menthe-thym-laurier\/#primaryimage"},"thumbnailUrl":"https:\/\/images.pexels.com\/photos\/37358124\/pexels-photo-37358124.jpeg?auto=compress&cs=tinysrgb&fit=crop&h=627&w=1200","datePublished":"2026-07-16T17:48:06+00:00","dateModified":"2026-07-16T17:50:00+00:00","description":"La m\u00e9thode la plus fiable pour s\u00e9cher les herbes aromatiques reste le bouquet suspendu t\u00eate en bas dans une pi\u00e8ce s\u00e8che, a\u00e9r\u00e9e et \u00e0 l'abri de la lumi\u00e8re","inLanguage":"fr-FR","potentialAction":[{"@type":"ReadAction","target":["https:\/\/herberiedelatille.fr\/blog\/potager\/carre-des-aromates\/comment-faire-secher-ses-herbes-aromatiques-menthe-thym-laurier\/"]}]},{"@type":"ImageObject","inLanguage":"fr-FR","@id":"https:\/\/herberiedelatille.fr\/blog\/potager\/carre-des-aromates\/comment-faire-secher-ses-herbes-aromatiques-menthe-thym-laurier\/#primaryimage","url":"https:\/\/images.pexels.com\/photos\/37358124\/pexels-photo-37358124.jpeg?auto=compress&cs=tinysrgb&fit=crop&h=627&w=1200","contentUrl":"https:\/\/images.pexels.com\/photos\/37358124\/pexels-photo-37358124.jpeg?auto=compress&cs=tinysrgb&fit=crop&h=627&w=1200"},{"@type":"WebSite","@id":"https:\/\/herberiedelatille.fr\/blog\/#website","url":"https:\/\/herberiedelatille.fr\/blog\/","name":"Herberie de la Tille","description":"Le m\u00e9dia de la botanique pratique \u2014 plantes, herboristerie, identification","publisher":{"@id":"https:\/\/herberiedelatille.fr\/blog\/#organization"},"alternateName":"Herberie de la Tille","potentialAction":[{"@type":"SearchAction","target":{"@type":"EntryPoint","urlTemplate":"https:\/\/herberiedelatille.fr\/blog\/?s={search_term_string}"},"query-input":{"@type":"PropertyValueSpecification","valueRequired":true,"valueName":"search_term_string"}}],"inLanguage":"fr-FR"},{"@type":"Organization","@id":"https:\/\/herberiedelatille.fr\/blog\/#organization","name":"Herberie de la Tille","url":"https:\/\/herberiedelatille.fr\/blog\/","logo":{"@type":"ImageObject","inLanguage":"fr-FR","@id":"https:\/\/herberiedelatille.fr\/blog\/#\/schema\/logo\/image\/","url":"https:\/\/herberiedelatille.fr\/blog\/wp-content\/uploads\/2024\/12\/herberiedelatille.png","contentUrl":"https:\/\/herberiedelatille.fr\/blog\/wp-content\/uploads\/2024\/12\/herberiedelatille.png","width":500,"height":500,"caption":"Herberie de la Tille"},"image":{"@id":"https:\/\/herberiedelatille.fr\/blog\/#\/schema\/logo\/image\/"}},{"@type":"Person","@id":"https:\/\/herberiedelatille.fr\/blog\/#\/schema\/person\/c0ae6942e0cc8b6ebd58dada6ee6c2af","name":"Antoine Bernard","image":{"@type":"ImageObject","inLanguage":"fr-FR","@id":"https:\/\/herberiedelatille.fr\/blog\/#\/schema\/person\/image\/","url":"https:\/\/secure.gravatar.com\/avatar\/?s=96&d=mm&r=g","contentUrl":"https:\/\/secure.gravatar.com\/avatar\/?s=96&d=mm&r=g","caption":"Antoine Bernard"},"description":"Photographe naturaliste et auteur.","sameAs":["https:\/\/bernardantoine.fr\/"],"url":"https:\/\/herberiedelatille.fr\/blog\/auteur\/antoine-bernard\/","jobTitle":"Contributeur m\u00e9canique","email":"antoine.bernard@autosmythiques57.fr"}]}},"_links":{"self":[{"href":"https:\/\/herberiedelatille.fr\/blog\/wp-json\/wp\/v2\/posts\/7883","targetHints":{"allow":["GET"]}}],"collection":[{"href":"https:\/\/herberiedelatille.fr\/blog\/wp-json\/wp\/v2\/posts"}],"about":[{"href":"https:\/\/herberiedelatille.fr\/blog\/wp-json\/wp\/v2\/types\/post"}],"author":[{"embeddable":true,"href":"https:\/\/herberiedelatille.fr\/blog\/wp-json\/wp\/v2\/users\/42"}],"replies":[{"embeddable":true,"href":"https:\/\/herberiedelatille.fr\/blog\/wp-json\/wp\/v2\/comments?post=7883"}],"version-history":[{"count":1,"href":"https:\/\/herberiedelatille.fr\/blog\/wp-json\/wp\/v2\/posts\/7883\/revisions"}],"predecessor-version":[{"id":7896,"href":"https:\/\/herberiedelatille.fr\/blog\/wp-json\/wp\/v2\/posts\/7883\/revisions\/7896"}],"wp:attachment":[{"href":"https:\/\/herberiedelatille.fr\/blog\/wp-json\/wp\/v2\/media?parent=7883"}],"wp:term":[{"taxonomy":"category","embeddable":true,"href":"https:\/\/herberiedelatille.fr\/blog\/wp-json\/wp\/v2\/categories?post=7883"},{"taxonomy":"post_tag","embeddable":true,"href":"https:\/\/herberiedelatille.fr\/blog\/wp-json\/wp\/v2\/tags?post=7883"}],"curies":[{"name":"wp","href":"https:\/\/api.w.org\/{rel}","templated":true}]}}