{"id":7884,"date":"2026-07-16T19:48:11","date_gmt":"2026-07-16T17:48:11","guid":{"rendered":"https:\/\/herberiedelatille.fr\/blog\/potager\/carre-des-aromates\/peut-on-congeler-les-herbes-aromatiques-fraiches\/"},"modified":"2026-07-16T19:50:03","modified_gmt":"2026-07-16T17:50:03","slug":"peut-on-congeler-les-herbes-aromatiques-fraiches","status":"publish","type":"post","link":"https:\/\/herberiedelatille.fr\/blog\/potager\/carre-des-aromates\/peut-on-congeler-les-herbes-aromatiques-fraiches\/","title":{"rendered":"Peut-on congeler les herbes aromatiques fra\u00eeches ?"},"content":{"rendered":"<p><strong>Oui : presque toutes les herbes aromatiques se cong\u00e8lent tr\u00e8s bien, et pour les plus fragiles \u2014 basilic, ciboulette, persil, coriandre \u2014 la cong\u00e9lation conserve nettement mieux le parfum que le s\u00e9chage.<\/strong> La meilleure m\u00e9thode pour la cuisine de tous les jours : ciseler les herbes et les congeler en bacs \u00e0 gla\u00e7ons, recouvertes d&rsquo;huile d&rsquo;olive ou d&rsquo;un peu d&rsquo;eau.<\/p>\n<h2>La m\u00e9thode des gla\u00e7ons d&rsquo;huile<\/h2>\n<p>Lavez, s\u00e9chez soigneusement (c&rsquo;est l&rsquo;\u00e9tape cl\u00e9 : l&rsquo;eau r\u00e9siduelle fait des paquets de givre), puis ciselez les herbes. Remplissez les alv\u00e9oles d&rsquo;un bac \u00e0 gla\u00e7ons aux deux tiers d&rsquo;herbes, compl\u00e9tez d&rsquo;huile d&rsquo;olive, congelez, puis transf\u00e9rez les cubes dans un sac de cong\u00e9lation \u00e9tiquet\u00e9. En cuisine, jetez directement un cube dans la po\u00eale ou la casserole : l&rsquo;huile fond, les herbes se r\u00e9partissent. C&rsquo;est le format id\u00e9al pour le basilic, qui noircit congel\u00e9 \u00e0 sec.<\/p>\n<h2>Quelle m\u00e9thode pour quelle herbe<\/h2>\n<table>\n<thead>\n<tr>\n<th>Herbe<\/th>\n<th>M\u00e9thode conseill\u00e9e<\/th>\n<th>Usage \u00e0 la sortie<\/th>\n<\/tr>\n<\/thead>\n<tbody>\n<tr>\n<td>Basilic<\/td>\n<td>Gla\u00e7ons d&rsquo;huile (ou pesto congel\u00e9)<\/td>\n<td>Plats chauds, sauces<\/td>\n<\/tr>\n<tr>\n<td>Persil, ciboulette, coriandre, aneth<\/td>\n<td>Cisel\u00e9es \u00e0 sec, en sac bien \u00e0 plat<\/td>\n<td>\u00c0 pr\u00e9lever \u00e0 la cuill\u00e8re, sans d\u00e9congeler<\/td>\n<\/tr>\n<tr>\n<td>Thym, romarin, laurier<\/td>\n<td>Brins entiers en sac (ou s\u00e9chage, aussi efficace)<\/td>\n<td>Bouquets garnis, mijot\u00e9s<\/td>\n<\/tr>\n<tr>\n<td>Menthe<\/td>\n<td>Feuilles enti\u00e8res \u00e0 plat, ou gla\u00e7ons d&rsquo;eau<\/td>\n<td>Cuisine chaude, infusions ; gla\u00e7ons pour les boissons<\/td>\n<\/tr>\n<\/tbody>\n<\/table>\n<h2>Ce qu&rsquo;il faut savoir avant de congeler<\/h2>\n<p>La cong\u00e9lation casse les parois des cellules : \u00e0 la d\u00e9cong\u00e9lation, les feuilles ressortent molles et fonc\u00e9es. Les herbes congel\u00e9es sont donc parfaites <em>cuisin\u00e9es<\/em>, mais ne remplaceront jamais des herbes fra\u00eeches en d\u00e9coration ou en salade. Utilisez-les directement congel\u00e9es, sans les d\u00e9congeler au pr\u00e9alable. Bien emball\u00e9es, elles gardent leur int\u00e9r\u00eat aromatique 4 \u00e0 6 mois environ \u2014 au-del\u00e0, elles restent consommables mais s&rsquo;affadissent.<\/p>\n<details>\n<summary>Comment congeler persil et ciboulette ensemble ?<\/summary>\n<p>Ciselez-les s\u00e9par\u00e9ment ou en m\u00e9lange, \u00e9talez bien \u00e0 plat dans un sac de cong\u00e9lation, chassez l&rsquo;air : vous pourrez ensuite casser et pr\u00e9lever la quantit\u00e9 voulue.<\/p>\n<\/details>\n<details>\n<summary>Peut-on recongeler des herbes aromatiques d\u00e9congel\u00e9es ?<\/summary>\n<p>Non, comme pour tout produit d\u00e9congel\u00e9 : la qualit\u00e9 s&rsquo;effondre et c&rsquo;est d\u00e9conseill\u00e9 sur le plan sanitaire. Pr\u00e9levez toujours sans d\u00e9congeler le reste du sac.<\/p>\n<\/details>\n<details>\n<summary>Faut-il blanchir les herbes avant cong\u00e9lation ?<\/summary>\n<p>Ce n&rsquo;est pas n\u00e9cessaire pour un usage sous 6 mois. Le blanchiment (quelques secondes dans l&rsquo;eau bouillante) pr\u00e9serve un peu mieux la couleur, mais fait perdre du parfum : la plupart des cuisiniers s&rsquo;en passent.<\/p>\n<\/details>\n<details>\n<summary>Comment congeler de l&rsquo;aneth ?<\/summary>\n<p>Comme le persil : cisel\u00e9 \u00e0 sec, en sac \u00e0 plat. L&rsquo;aneth congel\u00e9 garde remarquablement son parfum dans les plats de poisson.<\/p>\n<\/details>\n<h2>\u00c0 lire aussi<\/h2>\n<ul>\n<li><a href=\"https:\/\/herberiedelatille.fr\/blog\/potager\/carre-des-aromates\/herbes-aromatiques-le-guide-pratique-de-la-cuisine-au-jardin\/\">Herbes aromatiques : le guide pratique, de la cuisine au jardin<\/a><\/li>\n<li><a href=\"https:\/\/herberiedelatille.fr\/blog\/potager\/carre-des-aromates\/comment-faire-secher-ses-herbes-aromatiques-menthe-thym-laurier\/\">Comment faire s\u00e9cher ses herbes aromatiques (menthe, thym, laurier\u2026) ?<\/a><\/li>\n<li><a href=\"https:\/\/herberiedelatille.fr\/blog\/potager\/carre-des-aromates\/comment-conserver-le-basilic-frais-et-garder-vivant-le-pot-du-supermarche\/\">Comment conserver le basilic frais (et garder vivant le pot du supermarch\u00e9) ?<\/a><\/li>\n<li><a href=\"https:\/\/herberiedelatille.fr\/blog\/potager\/carre-des-aromates\/comment-couper-la-ciboulette-pour-quelle-repousse\/\">Comment couper la ciboulette pour qu&rsquo;elle repousse ?<\/a><\/li>\n<\/ul>\n","protected":false},"excerpt":{"rendered":"","protected":false},"author":42,"featured_media":999999999,"comment_status":"open","ping_status":"open","sticky":false,"template":"","format":"standard","meta":{"_acf_changed":false,"manual_indexmenow":false,"indexmenow_id_project":0,"footnotes":""},"categories":[4616],"tags":[],"class_list":["post-7884","post","type-post","status-publish","format-standard","has-post-thumbnail","hentry","category-carre-des-aromates","generate-columns","tablet-grid-50","mobile-grid-100","grid-parent","grid-25"],"acf":[],"yoast_head":"<!-- This site is optimized with the Yoast SEO Premium plugin v21.3 (Yoast SEO v25.6) - https:\/\/yoast.com\/wordpress\/plugins\/seo\/ -->\n<title>Peut-on congeler les herbes aromatiques fra\u00eeches ?<\/title>\n<meta name=\"description\" content=\"Oui : presque toutes les herbes aromatiques se cong\u00e8lent tr\u00e8s bien, et pour les plus fragiles \u2014 basilic, ciboulette, persil, coriandre \u2014 la cong\u00e9lation\" \/>\n<meta name=\"robots\" content=\"index, follow, max-snippet:-1, max-image-preview:large, max-video-preview:-1\" \/>\n<link rel=\"canonical\" href=\"https:\/\/herberiedelatille.fr\/blog\/potager\/carre-des-aromates\/peut-on-congeler-les-herbes-aromatiques-fraiches\/\" \/>\n<meta property=\"og:locale\" content=\"fr_FR\" \/>\n<meta property=\"og:type\" content=\"article\" \/>\n<meta property=\"og:title\" content=\"Peut-on congeler les herbes aromatiques fra\u00eeches ?\" \/>\n<meta property=\"og:description\" content=\"Oui : presque toutes les herbes aromatiques se cong\u00e8lent tr\u00e8s bien, et pour les plus fragiles \u2014 basilic, ciboulette, persil, coriandre \u2014 la cong\u00e9lation\" \/>\n<meta property=\"og:url\" content=\"https:\/\/herberiedelatille.fr\/blog\/potager\/carre-des-aromates\/peut-on-congeler-les-herbes-aromatiques-fraiches\/\" \/>\n<meta property=\"og:site_name\" content=\"Herberie de la Tille\" \/>\n<meta name=\"author\" content=\"Antoine Bernard\" \/>\n<meta name=\"twitter:card\" content=\"summary_large_image\" \/>\n<script type=\"application\/ld+json\" class=\"yoast-schema-graph\">{\"@context\":\"https:\/\/schema.org\",\"@graph\":[{\"@type\":\"NewsArticle\",\"@id\":\"https:\/\/herberiedelatille.fr\/blog\/potager\/carre-des-aromates\/peut-on-congeler-les-herbes-aromatiques-fraiches\/#article\",\"isPartOf\":{\"@id\":\"https:\/\/herberiedelatille.fr\/blog\/potager\/carre-des-aromates\/peut-on-congeler-les-herbes-aromatiques-fraiches\/\"},\"author\":{\"name\":\"Antoine Bernard\",\"@id\":\"https:\/\/herberiedelatille.fr\/blog\/#\/schema\/person\/c0ae6942e0cc8b6ebd58dada6ee6c2af\"},\"headline\":\"Peut-on congeler les herbes aromatiques fra\u00eeches ?\",\"datePublished\":\"2026-07-16T17:48:11+00:00\",\"dateModified\":\"2026-07-16T17:50:03+00:00\",\"mainEntityOfPage\":{\"@id\":\"https:\/\/herberiedelatille.fr\/blog\/potager\/carre-des-aromates\/peut-on-congeler-les-herbes-aromatiques-fraiches\/\"},\"wordCount\":513,\"commentCount\":0,\"publisher\":{\"@id\":\"https:\/\/herberiedelatille.fr\/blog\/#organization\"},\"image\":{\"@id\":\"https:\/\/herberiedelatille.fr\/blog\/potager\/carre-des-aromates\/peut-on-congeler-les-herbes-aromatiques-fraiches\/#primaryimage\"},\"thumbnailUrl\":\"https:\/\/images.pexels.com\/photos\/11102029\/pexels-photo-11102029.jpeg?auto=compress&cs=tinysrgb&fit=crop&h=627&w=1200\",\"articleSection\":[\"Le carr\u00e9 des aromates\"],\"inLanguage\":\"fr-FR\",\"potentialAction\":[{\"@type\":\"CommentAction\",\"name\":\"Comment\",\"target\":[\"https:\/\/herberiedelatille.fr\/blog\/potager\/carre-des-aromates\/peut-on-congeler-les-herbes-aromatiques-fraiches\/#respond\"]}]},{\"@type\":\"WebPage\",\"@id\":\"https:\/\/herberiedelatille.fr\/blog\/potager\/carre-des-aromates\/peut-on-congeler-les-herbes-aromatiques-fraiches\/\",\"url\":\"https:\/\/herberiedelatille.fr\/blog\/potager\/carre-des-aromates\/peut-on-congeler-les-herbes-aromatiques-fraiches\/\",\"name\":\"Peut-on congeler les herbes aromatiques fra\u00eeches ?\",\"isPartOf\":{\"@id\":\"https:\/\/herberiedelatille.fr\/blog\/#website\"},\"primaryImageOfPage\":{\"@id\":\"https:\/\/herberiedelatille.fr\/blog\/potager\/carre-des-aromates\/peut-on-congeler-les-herbes-aromatiques-fraiches\/#primaryimage\"},\"image\":{\"@id\":\"https:\/\/herberiedelatille.fr\/blog\/potager\/carre-des-aromates\/peut-on-congeler-les-herbes-aromatiques-fraiches\/#primaryimage\"},\"thumbnailUrl\":\"https:\/\/images.pexels.com\/photos\/11102029\/pexels-photo-11102029.jpeg?auto=compress&cs=tinysrgb&fit=crop&h=627&w=1200\",\"datePublished\":\"2026-07-16T17:48:11+00:00\",\"dateModified\":\"2026-07-16T17:50:03+00:00\",\"description\":\"Oui : presque toutes les herbes aromatiques se cong\u00e8lent tr\u00e8s bien, et pour les plus fragiles \u2014 basilic, ciboulette, persil, coriandre \u2014 la cong\u00e9lation\",\"inLanguage\":\"fr-FR\",\"potentialAction\":[{\"@type\":\"ReadAction\",\"target\":[\"https:\/\/herberiedelatille.fr\/blog\/potager\/carre-des-aromates\/peut-on-congeler-les-herbes-aromatiques-fraiches\/\"]}]},{\"@type\":\"ImageObject\",\"inLanguage\":\"fr-FR\",\"@id\":\"https:\/\/herberiedelatille.fr\/blog\/potager\/carre-des-aromates\/peut-on-congeler-les-herbes-aromatiques-fraiches\/#primaryimage\",\"url\":\"https:\/\/images.pexels.com\/photos\/11102029\/pexels-photo-11102029.jpeg?auto=compress&cs=tinysrgb&fit=crop&h=627&w=1200\",\"contentUrl\":\"https:\/\/images.pexels.com\/photos\/11102029\/pexels-photo-11102029.jpeg?auto=compress&cs=tinysrgb&fit=crop&h=627&w=1200\"},{\"@type\":\"WebSite\",\"@id\":\"https:\/\/herberiedelatille.fr\/blog\/#website\",\"url\":\"https:\/\/herberiedelatille.fr\/blog\/\",\"name\":\"Herberie de la Tille\",\"description\":\"Le m\u00e9dia de la botanique pratique \u2014 plantes, herboristerie, identification\",\"publisher\":{\"@id\":\"https:\/\/herberiedelatille.fr\/blog\/#organization\"},\"alternateName\":\"Herberie de la Tille\",\"potentialAction\":[{\"@type\":\"SearchAction\",\"target\":{\"@type\":\"EntryPoint\",\"urlTemplate\":\"https:\/\/herberiedelatille.fr\/blog\/?s={search_term_string}\"},\"query-input\":{\"@type\":\"PropertyValueSpecification\",\"valueRequired\":true,\"valueName\":\"search_term_string\"}}],\"inLanguage\":\"fr-FR\"},{\"@type\":\"Organization\",\"@id\":\"https:\/\/herberiedelatille.fr\/blog\/#organization\",\"name\":\"Herberie de la Tille\",\"url\":\"https:\/\/herberiedelatille.fr\/blog\/\",\"logo\":{\"@type\":\"ImageObject\",\"inLanguage\":\"fr-FR\",\"@id\":\"https:\/\/herberiedelatille.fr\/blog\/#\/schema\/logo\/image\/\",\"url\":\"https:\/\/herberiedelatille.fr\/blog\/wp-content\/uploads\/2024\/12\/herberiedelatille.png\",\"contentUrl\":\"https:\/\/herberiedelatille.fr\/blog\/wp-content\/uploads\/2024\/12\/herberiedelatille.png\",\"width\":500,\"height\":500,\"caption\":\"Herberie de la Tille\"},\"image\":{\"@id\":\"https:\/\/herberiedelatille.fr\/blog\/#\/schema\/logo\/image\/\"}},{\"@type\":\"Person\",\"@id\":\"https:\/\/herberiedelatille.fr\/blog\/#\/schema\/person\/c0ae6942e0cc8b6ebd58dada6ee6c2af\",\"name\":\"Antoine Bernard\",\"image\":{\"@type\":\"ImageObject\",\"inLanguage\":\"fr-FR\",\"@id\":\"https:\/\/herberiedelatille.fr\/blog\/#\/schema\/person\/image\/\",\"url\":\"https:\/\/secure.gravatar.com\/avatar\/?s=96&d=mm&r=g\",\"contentUrl\":\"https:\/\/secure.gravatar.com\/avatar\/?s=96&d=mm&r=g\",\"caption\":\"Antoine Bernard\"},\"description\":\"Photographe naturaliste et auteur.\",\"sameAs\":[\"https:\/\/bernardantoine.fr\/\"],\"url\":\"https:\/\/herberiedelatille.fr\/blog\/auteur\/antoine-bernard\/\",\"jobTitle\":\"Contributeur m\u00e9canique\",\"email\":\"antoine.bernard@autosmythiques57.fr\"}]}<\/script>\n<!-- \/ Yoast SEO Premium plugin. -->","yoast_head_json":{"title":"Peut-on congeler les herbes aromatiques fra\u00eeches ?","description":"Oui : presque toutes les herbes aromatiques se cong\u00e8lent tr\u00e8s bien, et pour les plus fragiles \u2014 basilic, ciboulette, persil, coriandre \u2014 la cong\u00e9lation","robots":{"index":"index","follow":"follow","max-snippet":"max-snippet:-1","max-image-preview":"max-image-preview:large","max-video-preview":"max-video-preview:-1"},"canonical":"https:\/\/herberiedelatille.fr\/blog\/potager\/carre-des-aromates\/peut-on-congeler-les-herbes-aromatiques-fraiches\/","og_locale":"fr_FR","og_type":"article","og_title":"Peut-on congeler les herbes aromatiques fra\u00eeches ?","og_description":"Oui : presque toutes les herbes aromatiques se cong\u00e8lent tr\u00e8s bien, et pour les plus fragiles \u2014 basilic, ciboulette, persil, coriandre \u2014 la cong\u00e9lation","og_url":"https:\/\/herberiedelatille.fr\/blog\/potager\/carre-des-aromates\/peut-on-congeler-les-herbes-aromatiques-fraiches\/","og_site_name":"Herberie de la Tille","author":"Antoine Bernard","twitter_card":"summary_large_image","schema":{"@context":"https:\/\/schema.org","@graph":[{"@type":"NewsArticle","@id":"https:\/\/herberiedelatille.fr\/blog\/potager\/carre-des-aromates\/peut-on-congeler-les-herbes-aromatiques-fraiches\/#article","isPartOf":{"@id":"https:\/\/herberiedelatille.fr\/blog\/potager\/carre-des-aromates\/peut-on-congeler-les-herbes-aromatiques-fraiches\/"},"author":{"name":"Antoine Bernard","@id":"https:\/\/herberiedelatille.fr\/blog\/#\/schema\/person\/c0ae6942e0cc8b6ebd58dada6ee6c2af"},"headline":"Peut-on congeler les herbes aromatiques fra\u00eeches ?","datePublished":"2026-07-16T17:48:11+00:00","dateModified":"2026-07-16T17:50:03+00:00","mainEntityOfPage":{"@id":"https:\/\/herberiedelatille.fr\/blog\/potager\/carre-des-aromates\/peut-on-congeler-les-herbes-aromatiques-fraiches\/"},"wordCount":513,"commentCount":0,"publisher":{"@id":"https:\/\/herberiedelatille.fr\/blog\/#organization"},"image":{"@id":"https:\/\/herberiedelatille.fr\/blog\/potager\/carre-des-aromates\/peut-on-congeler-les-herbes-aromatiques-fraiches\/#primaryimage"},"thumbnailUrl":"https:\/\/images.pexels.com\/photos\/11102029\/pexels-photo-11102029.jpeg?auto=compress&cs=tinysrgb&fit=crop&h=627&w=1200","articleSection":["Le carr\u00e9 des aromates"],"inLanguage":"fr-FR","potentialAction":[{"@type":"CommentAction","name":"Comment","target":["https:\/\/herberiedelatille.fr\/blog\/potager\/carre-des-aromates\/peut-on-congeler-les-herbes-aromatiques-fraiches\/#respond"]}]},{"@type":"WebPage","@id":"https:\/\/herberiedelatille.fr\/blog\/potager\/carre-des-aromates\/peut-on-congeler-les-herbes-aromatiques-fraiches\/","url":"https:\/\/herberiedelatille.fr\/blog\/potager\/carre-des-aromates\/peut-on-congeler-les-herbes-aromatiques-fraiches\/","name":"Peut-on congeler les herbes aromatiques fra\u00eeches ?","isPartOf":{"@id":"https:\/\/herberiedelatille.fr\/blog\/#website"},"primaryImageOfPage":{"@id":"https:\/\/herberiedelatille.fr\/blog\/potager\/carre-des-aromates\/peut-on-congeler-les-herbes-aromatiques-fraiches\/#primaryimage"},"image":{"@id":"https:\/\/herberiedelatille.fr\/blog\/potager\/carre-des-aromates\/peut-on-congeler-les-herbes-aromatiques-fraiches\/#primaryimage"},"thumbnailUrl":"https:\/\/images.pexels.com\/photos\/11102029\/pexels-photo-11102029.jpeg?auto=compress&cs=tinysrgb&fit=crop&h=627&w=1200","datePublished":"2026-07-16T17:48:11+00:00","dateModified":"2026-07-16T17:50:03+00:00","description":"Oui : presque toutes les herbes aromatiques se cong\u00e8lent tr\u00e8s bien, et pour les plus fragiles \u2014 basilic, ciboulette, persil, coriandre \u2014 la cong\u00e9lation","inLanguage":"fr-FR","potentialAction":[{"@type":"ReadAction","target":["https:\/\/herberiedelatille.fr\/blog\/potager\/carre-des-aromates\/peut-on-congeler-les-herbes-aromatiques-fraiches\/"]}]},{"@type":"ImageObject","inLanguage":"fr-FR","@id":"https:\/\/herberiedelatille.fr\/blog\/potager\/carre-des-aromates\/peut-on-congeler-les-herbes-aromatiques-fraiches\/#primaryimage","url":"https:\/\/images.pexels.com\/photos\/11102029\/pexels-photo-11102029.jpeg?auto=compress&cs=tinysrgb&fit=crop&h=627&w=1200","contentUrl":"https:\/\/images.pexels.com\/photos\/11102029\/pexels-photo-11102029.jpeg?auto=compress&cs=tinysrgb&fit=crop&h=627&w=1200"},{"@type":"WebSite","@id":"https:\/\/herberiedelatille.fr\/blog\/#website","url":"https:\/\/herberiedelatille.fr\/blog\/","name":"Herberie de la Tille","description":"Le m\u00e9dia de la botanique pratique \u2014 plantes, herboristerie, identification","publisher":{"@id":"https:\/\/herberiedelatille.fr\/blog\/#organization"},"alternateName":"Herberie de la Tille","potentialAction":[{"@type":"SearchAction","target":{"@type":"EntryPoint","urlTemplate":"https:\/\/herberiedelatille.fr\/blog\/?s={search_term_string}"},"query-input":{"@type":"PropertyValueSpecification","valueRequired":true,"valueName":"search_term_string"}}],"inLanguage":"fr-FR"},{"@type":"Organization","@id":"https:\/\/herberiedelatille.fr\/blog\/#organization","name":"Herberie de la Tille","url":"https:\/\/herberiedelatille.fr\/blog\/","logo":{"@type":"ImageObject","inLanguage":"fr-FR","@id":"https:\/\/herberiedelatille.fr\/blog\/#\/schema\/logo\/image\/","url":"https:\/\/herberiedelatille.fr\/blog\/wp-content\/uploads\/2024\/12\/herberiedelatille.png","contentUrl":"https:\/\/herberiedelatille.fr\/blog\/wp-content\/uploads\/2024\/12\/herberiedelatille.png","width":500,"height":500,"caption":"Herberie de la Tille"},"image":{"@id":"https:\/\/herberiedelatille.fr\/blog\/#\/schema\/logo\/image\/"}},{"@type":"Person","@id":"https:\/\/herberiedelatille.fr\/blog\/#\/schema\/person\/c0ae6942e0cc8b6ebd58dada6ee6c2af","name":"Antoine Bernard","image":{"@type":"ImageObject","inLanguage":"fr-FR","@id":"https:\/\/herberiedelatille.fr\/blog\/#\/schema\/person\/image\/","url":"https:\/\/secure.gravatar.com\/avatar\/?s=96&d=mm&r=g","contentUrl":"https:\/\/secure.gravatar.com\/avatar\/?s=96&d=mm&r=g","caption":"Antoine Bernard"},"description":"Photographe naturaliste et auteur.","sameAs":["https:\/\/bernardantoine.fr\/"],"url":"https:\/\/herberiedelatille.fr\/blog\/auteur\/antoine-bernard\/","jobTitle":"Contributeur m\u00e9canique","email":"antoine.bernard@autosmythiques57.fr"}]}},"_links":{"self":[{"href":"https:\/\/herberiedelatille.fr\/blog\/wp-json\/wp\/v2\/posts\/7884","targetHints":{"allow":["GET"]}}],"collection":[{"href":"https:\/\/herberiedelatille.fr\/blog\/wp-json\/wp\/v2\/posts"}],"about":[{"href":"https:\/\/herberiedelatille.fr\/blog\/wp-json\/wp\/v2\/types\/post"}],"author":[{"embeddable":true,"href":"https:\/\/herberiedelatille.fr\/blog\/wp-json\/wp\/v2\/users\/42"}],"replies":[{"embeddable":true,"href":"https:\/\/herberiedelatille.fr\/blog\/wp-json\/wp\/v2\/comments?post=7884"}],"version-history":[{"count":1,"href":"https:\/\/herberiedelatille.fr\/blog\/wp-json\/wp\/v2\/posts\/7884\/revisions"}],"predecessor-version":[{"id":7897,"href":"https:\/\/herberiedelatille.fr\/blog\/wp-json\/wp\/v2\/posts\/7884\/revisions\/7897"}],"wp:attachment":[{"href":"https:\/\/herberiedelatille.fr\/blog\/wp-json\/wp\/v2\/media?parent=7884"}],"wp:term":[{"taxonomy":"category","embeddable":true,"href":"https:\/\/herberiedelatille.fr\/blog\/wp-json\/wp\/v2\/categories?post=7884"},{"taxonomy":"post_tag","embeddable":true,"href":"https:\/\/herberiedelatille.fr\/blog\/wp-json\/wp\/v2\/tags?post=7884"}],"curies":[{"name":"wp","href":"https:\/\/api.w.org\/{rel}","templated":true}]}}