{"id":7885,"date":"2026-07-16T19:48:17","date_gmt":"2026-07-16T17:48:17","guid":{"rendered":"https:\/\/herberiedelatille.fr\/blog\/potager\/carre-des-aromates\/comment-planter-la-menthe-et-pourquoi-toujours-en-pot\/"},"modified":"2026-07-16T19:50:07","modified_gmt":"2026-07-16T17:50:07","slug":"comment-planter-la-menthe-et-pourquoi-toujours-en-pot","status":"publish","type":"post","link":"https:\/\/herberiedelatille.fr\/blog\/potager\/carre-des-aromates\/comment-planter-la-menthe-et-pourquoi-toujours-en-pot\/","title":{"rendered":"Comment planter la menthe \u2014 et pourquoi toujours en pot ?"},"content":{"rendered":"<p><strong>Plantez la menthe au printemps, \u00e0 la mi-ombre, dans un sol frais \u2014 mais toujours en pot ou dans une barri\u00e8re enterr\u00e9e, car ses rhizomes souterrains courent dans toutes les directions et peuvent coloniser plusieurs m\u00e8tres carr\u00e9s de jardin en une ou deux saisons.<\/strong> C&rsquo;est LA plante aromatique qu&rsquo;on regrette d&rsquo;avoir mise en pleine terre.<\/p>\n<h2>Pourquoi la menthe est envahissante<\/h2>\n<p>La menthe ne se propage pas par ses graines mais par ses rhizomes : des tiges souterraines qui filent horizontalement \u00e0 quelques centim\u00e8tres sous la surface et font surgir de nouveaux plants \u00e0 distance du pied m\u00e8re. Arracher les pousses visibles ne sert \u00e0 rien si un fragment de rhizome reste en terre \u2014 chaque morceau peut redonner une plante. Au potager, elle finit par \u00e9touffer ses voisines ; c&rsquo;est aussi pour cela qu&rsquo;on ne la plante jamais dans un carr\u00e9 d&rsquo;aromatiques partag\u00e9.<\/p>\n<h2>Les trois fa\u00e7ons de la contenir<\/h2>\n<table>\n<thead>\n<tr>\n<th>Solution<\/th>\n<th>Comment faire<\/th>\n<th>Efficacit\u00e9<\/th>\n<\/tr>\n<\/thead>\n<tbody>\n<tr>\n<td>Pot ou jardini\u00e8re<\/td>\n<td>Contenant de 20-30 cm de profondeur minimum, arros\u00e9 r\u00e9guli\u00e8rement<\/td>\n<td>Totale<\/td>\n<\/tr>\n<tr>\n<td>Pot enterr\u00e9 en pleine terre<\/td>\n<td>Grand pot sans fond perc\u00e9 sur les c\u00f4t\u00e9s, bords d\u00e9passant de 5 cm du sol<\/td>\n<td>Bonne (surveiller les rhizomes qui passent par-dessus)<\/td>\n<\/tr>\n<tr>\n<td>Zone sacrifi\u00e9e<\/td>\n<td>Coin isol\u00e9 du jardin, d\u00e9limit\u00e9 par une all\u00e9e ou une bordure profonde<\/td>\n<td>Variable<\/td>\n<\/tr>\n<\/tbody>\n<\/table>\n<h2>Ce que la menthe aime<\/h2>\n<p>Contrairement au thym et au romarin, la menthe aime l&rsquo;eau et supporte mal la s\u00e9cheresse : sol frais, arrosages r\u00e9guliers en pot, mi-ombre de pr\u00e9f\u00e9rence (le plein soleil lui convient si le sol reste humide). Elle dispara\u00eet en surface l&rsquo;hiver et repart de la souche au printemps. Rabattez-la s\u00e9v\u00e8rement une \u00e0 deux fois par saison : elle repousse en quelques semaines, plus dense et plus tendre. En pot, divisez la touffe tous les 2-3 ans quand les racines tournent en rond.<\/p>\n<details>\n<summary>Quand planter la menthe ?<\/summary>\n<p>Id\u00e9alement au printemps (avril-mai), ou en d\u00e9but d&rsquo;automne dans les r\u00e9gions douces. En pot, la plantation est possible presque toute l&rsquo;ann\u00e9e hors gel et canicule.<\/p>\n<\/details>\n<details>\n<summary>Comment planter la menthe sans racine ?<\/summary>\n<p>La menthe se bouture tr\u00e8s facilement : une tige de 10 cm dans un verre d&rsquo;eau d\u00e9veloppe des racines en 1 \u00e0 2 semaines. Repiquez ensuite en pot.<\/p>\n<\/details>\n<details>\n<summary>Quelle plante associer avec la menthe ?<\/summary>\n<p>Aucune dans le m\u00eame contenant : elle \u00e9touffe tout. Donnez-lui son pot personnel, \u00e9ventuellement \u00e0 c\u00f4t\u00e9 d&rsquo;autres pots d&rsquo;herbes qui aiment l&rsquo;eau (persil, ciboulette).<\/p>\n<\/details>\n<details>\n<summary>Ma menthe a envahi le jardin, que faire ?<\/summary>\n<p>Arrachez m\u00e9thodiquement en suivant chaque rhizome (ils cassent facilement, travaillez en sol humide), puis surveillez les repousses plusieurs mois. Une b\u00e2che d&rsquo;occultation pos\u00e9e une saison vient \u00e0 bout des zones tr\u00e8s colonis\u00e9es.<\/p>\n<\/details>\n<h2>\u00c0 lire aussi<\/h2>\n<ul>\n<li><a href=\"https:\/\/herberiedelatille.fr\/blog\/potager\/carre-des-aromates\/herbes-aromatiques-le-guide-pratique-de-la-cuisine-au-jardin\/\">Herbes aromatiques : le guide pratique, de la cuisine au jardin<\/a><\/li>\n<li><a href=\"https:\/\/herberiedelatille.fr\/blog\/potager\/carre-des-aromates\/comment-faire-secher-ses-herbes-aromatiques-menthe-thym-laurier\/\">Comment faire s\u00e9cher ses herbes aromatiques (menthe, thym, laurier\u2026) ?<\/a><\/li>\n<li><a href=\"https:\/\/herberiedelatille.fr\/blog\/potager\/carre-des-aromates\/comment-tailler-le-basilic-pour-quil-repousse\/\">Comment tailler le basilic pour qu&rsquo;il repousse ?<\/a><\/li>\n<li><a href=\"https:\/\/herberiedelatille.fr\/blog\/potager\/carre-des-aromates\/comment-couper-la-ciboulette-pour-quelle-repousse\/\">Comment couper la ciboulette pour qu&rsquo;elle repousse ?<\/a><\/li>\n<\/ul>\n","protected":false},"excerpt":{"rendered":"","protected":false},"author":42,"featured_media":999999999,"comment_status":"open","ping_status":"open","sticky":false,"template":"","format":"standard","meta":{"_acf_changed":false,"manual_indexmenow":false,"indexmenow_id_project":0,"footnotes":""},"categories":[4616],"tags":[],"class_list":["post-7885","post","type-post","status-publish","format-standard","has-post-thumbnail","hentry","category-carre-des-aromates","generate-columns","tablet-grid-50","mobile-grid-100","grid-parent","grid-25"],"acf":[],"yoast_head":"<!-- This site is optimized with the Yoast SEO Premium plugin v21.3 (Yoast SEO v25.6) - https:\/\/yoast.com\/wordpress\/plugins\/seo\/ -->\n<title>Comment planter la menthe \u2014 et pourquoi toujours en pot ?<\/title>\n<meta name=\"description\" content=\"Plantez la menthe au printemps, \u00e0 la mi-ombre, dans un sol frais \u2014 mais toujours en pot ou dans une barri\u00e8re enterr\u00e9e, car ses rhizomes souterrains\" \/>\n<meta name=\"robots\" content=\"index, follow, max-snippet:-1, max-image-preview:large, max-video-preview:-1\" \/>\n<link rel=\"canonical\" href=\"https:\/\/herberiedelatille.fr\/blog\/potager\/carre-des-aromates\/comment-planter-la-menthe-et-pourquoi-toujours-en-pot\/\" \/>\n<meta property=\"og:locale\" content=\"fr_FR\" \/>\n<meta property=\"og:type\" content=\"article\" \/>\n<meta property=\"og:title\" content=\"Comment planter la menthe \u2014 et pourquoi toujours en pot ?\" \/>\n<meta property=\"og:description\" content=\"Plantez la menthe au printemps, \u00e0 la mi-ombre, dans un sol frais \u2014 mais toujours en pot ou dans une barri\u00e8re enterr\u00e9e, car ses rhizomes souterrains\" \/>\n<meta property=\"og:url\" content=\"https:\/\/herberiedelatille.fr\/blog\/potager\/carre-des-aromates\/comment-planter-la-menthe-et-pourquoi-toujours-en-pot\/\" \/>\n<meta property=\"og:site_name\" content=\"Herberie de la Tille\" \/>\n<meta name=\"author\" content=\"Antoine Bernard\" \/>\n<meta name=\"twitter:card\" content=\"summary_large_image\" \/>\n<script type=\"application\/ld+json\" class=\"yoast-schema-graph\">{\"@context\":\"https:\/\/schema.org\",\"@graph\":[{\"@type\":\"NewsArticle\",\"@id\":\"https:\/\/herberiedelatille.fr\/blog\/potager\/carre-des-aromates\/comment-planter-la-menthe-et-pourquoi-toujours-en-pot\/#article\",\"isPartOf\":{\"@id\":\"https:\/\/herberiedelatille.fr\/blog\/potager\/carre-des-aromates\/comment-planter-la-menthe-et-pourquoi-toujours-en-pot\/\"},\"author\":{\"name\":\"Antoine Bernard\",\"@id\":\"https:\/\/herberiedelatille.fr\/blog\/#\/schema\/person\/c0ae6942e0cc8b6ebd58dada6ee6c2af\"},\"headline\":\"Comment planter la menthe \u2014 et pourquoi toujours en pot ?\",\"datePublished\":\"2026-07-16T17:48:17+00:00\",\"dateModified\":\"2026-07-16T17:50:07+00:00\",\"mainEntityOfPage\":{\"@id\":\"https:\/\/herberiedelatille.fr\/blog\/potager\/carre-des-aromates\/comment-planter-la-menthe-et-pourquoi-toujours-en-pot\/\"},\"wordCount\":505,\"commentCount\":0,\"publisher\":{\"@id\":\"https:\/\/herberiedelatille.fr\/blog\/#organization\"},\"image\":{\"@id\":\"https:\/\/herberiedelatille.fr\/blog\/potager\/carre-des-aromates\/comment-planter-la-menthe-et-pourquoi-toujours-en-pot\/#primaryimage\"},\"thumbnailUrl\":\"https:\/\/images.pexels.com\/photos\/17506700\/pexels-photo-17506700.jpeg?auto=compress&cs=tinysrgb&fit=crop&h=627&w=1200\",\"articleSection\":[\"Le carr\u00e9 des aromates\"],\"inLanguage\":\"fr-FR\",\"potentialAction\":[{\"@type\":\"CommentAction\",\"name\":\"Comment\",\"target\":[\"https:\/\/herberiedelatille.fr\/blog\/potager\/carre-des-aromates\/comment-planter-la-menthe-et-pourquoi-toujours-en-pot\/#respond\"]}]},{\"@type\":\"WebPage\",\"@id\":\"https:\/\/herberiedelatille.fr\/blog\/potager\/carre-des-aromates\/comment-planter-la-menthe-et-pourquoi-toujours-en-pot\/\",\"url\":\"https:\/\/herberiedelatille.fr\/blog\/potager\/carre-des-aromates\/comment-planter-la-menthe-et-pourquoi-toujours-en-pot\/\",\"name\":\"Comment planter la menthe \u2014 et pourquoi toujours en pot ?\",\"isPartOf\":{\"@id\":\"https:\/\/herberiedelatille.fr\/blog\/#website\"},\"primaryImageOfPage\":{\"@id\":\"https:\/\/herberiedelatille.fr\/blog\/potager\/carre-des-aromates\/comment-planter-la-menthe-et-pourquoi-toujours-en-pot\/#primaryimage\"},\"image\":{\"@id\":\"https:\/\/herberiedelatille.fr\/blog\/potager\/carre-des-aromates\/comment-planter-la-menthe-et-pourquoi-toujours-en-pot\/#primaryimage\"},\"thumbnailUrl\":\"https:\/\/images.pexels.com\/photos\/17506700\/pexels-photo-17506700.jpeg?auto=compress&cs=tinysrgb&fit=crop&h=627&w=1200\",\"datePublished\":\"2026-07-16T17:48:17+00:00\",\"dateModified\":\"2026-07-16T17:50:07+00:00\",\"description\":\"Plantez la menthe au printemps, \u00e0 la mi-ombre, dans un sol frais \u2014 mais toujours en pot ou dans une barri\u00e8re enterr\u00e9e, car ses rhizomes souterrains\",\"inLanguage\":\"fr-FR\",\"potentialAction\":[{\"@type\":\"ReadAction\",\"target\":[\"https:\/\/herberiedelatille.fr\/blog\/potager\/carre-des-aromates\/comment-planter-la-menthe-et-pourquoi-toujours-en-pot\/\"]}]},{\"@type\":\"ImageObject\",\"inLanguage\":\"fr-FR\",\"@id\":\"https:\/\/herberiedelatille.fr\/blog\/potager\/carre-des-aromates\/comment-planter-la-menthe-et-pourquoi-toujours-en-pot\/#primaryimage\",\"url\":\"https:\/\/images.pexels.com\/photos\/17506700\/pexels-photo-17506700.jpeg?auto=compress&cs=tinysrgb&fit=crop&h=627&w=1200\",\"contentUrl\":\"https:\/\/images.pexels.com\/photos\/17506700\/pexels-photo-17506700.jpeg?auto=compress&cs=tinysrgb&fit=crop&h=627&w=1200\"},{\"@type\":\"WebSite\",\"@id\":\"https:\/\/herberiedelatille.fr\/blog\/#website\",\"url\":\"https:\/\/herberiedelatille.fr\/blog\/\",\"name\":\"Herberie de la Tille\",\"description\":\"Le m\u00e9dia de la botanique pratique \u2014 plantes, herboristerie, identification\",\"publisher\":{\"@id\":\"https:\/\/herberiedelatille.fr\/blog\/#organization\"},\"alternateName\":\"Herberie de la Tille\",\"potentialAction\":[{\"@type\":\"SearchAction\",\"target\":{\"@type\":\"EntryPoint\",\"urlTemplate\":\"https:\/\/herberiedelatille.fr\/blog\/?s={search_term_string}\"},\"query-input\":{\"@type\":\"PropertyValueSpecification\",\"valueRequired\":true,\"valueName\":\"search_term_string\"}}],\"inLanguage\":\"fr-FR\"},{\"@type\":\"Organization\",\"@id\":\"https:\/\/herberiedelatille.fr\/blog\/#organization\",\"name\":\"Herberie de la Tille\",\"url\":\"https:\/\/herberiedelatille.fr\/blog\/\",\"logo\":{\"@type\":\"ImageObject\",\"inLanguage\":\"fr-FR\",\"@id\":\"https:\/\/herberiedelatille.fr\/blog\/#\/schema\/logo\/image\/\",\"url\":\"https:\/\/herberiedelatille.fr\/blog\/wp-content\/uploads\/2024\/12\/herberiedelatille.png\",\"contentUrl\":\"https:\/\/herberiedelatille.fr\/blog\/wp-content\/uploads\/2024\/12\/herberiedelatille.png\",\"width\":500,\"height\":500,\"caption\":\"Herberie de la Tille\"},\"image\":{\"@id\":\"https:\/\/herberiedelatille.fr\/blog\/#\/schema\/logo\/image\/\"}},{\"@type\":\"Person\",\"@id\":\"https:\/\/herberiedelatille.fr\/blog\/#\/schema\/person\/c0ae6942e0cc8b6ebd58dada6ee6c2af\",\"name\":\"Antoine Bernard\",\"image\":{\"@type\":\"ImageObject\",\"inLanguage\":\"fr-FR\",\"@id\":\"https:\/\/herberiedelatille.fr\/blog\/#\/schema\/person\/image\/\",\"url\":\"https:\/\/secure.gravatar.com\/avatar\/?s=96&d=mm&r=g\",\"contentUrl\":\"https:\/\/secure.gravatar.com\/avatar\/?s=96&d=mm&r=g\",\"caption\":\"Antoine Bernard\"},\"description\":\"Photographe naturaliste et auteur.\",\"sameAs\":[\"https:\/\/bernardantoine.fr\/\"],\"url\":\"https:\/\/herberiedelatille.fr\/blog\/auteur\/antoine-bernard\/\",\"jobTitle\":\"Contributeur m\u00e9canique\",\"email\":\"antoine.bernard@autosmythiques57.fr\"}]}<\/script>\n<!-- \/ Yoast SEO Premium plugin. -->","yoast_head_json":{"title":"Comment planter la menthe \u2014 et pourquoi toujours en pot ?","description":"Plantez la menthe au printemps, \u00e0 la mi-ombre, dans un sol frais \u2014 mais toujours en pot ou dans une barri\u00e8re enterr\u00e9e, car ses rhizomes souterrains","robots":{"index":"index","follow":"follow","max-snippet":"max-snippet:-1","max-image-preview":"max-image-preview:large","max-video-preview":"max-video-preview:-1"},"canonical":"https:\/\/herberiedelatille.fr\/blog\/potager\/carre-des-aromates\/comment-planter-la-menthe-et-pourquoi-toujours-en-pot\/","og_locale":"fr_FR","og_type":"article","og_title":"Comment planter la menthe \u2014 et pourquoi toujours en pot ?","og_description":"Plantez la menthe au printemps, \u00e0 la mi-ombre, dans un sol frais \u2014 mais toujours en pot ou dans une barri\u00e8re enterr\u00e9e, car ses rhizomes souterrains","og_url":"https:\/\/herberiedelatille.fr\/blog\/potager\/carre-des-aromates\/comment-planter-la-menthe-et-pourquoi-toujours-en-pot\/","og_site_name":"Herberie de la Tille","author":"Antoine Bernard","twitter_card":"summary_large_image","schema":{"@context":"https:\/\/schema.org","@graph":[{"@type":"NewsArticle","@id":"https:\/\/herberiedelatille.fr\/blog\/potager\/carre-des-aromates\/comment-planter-la-menthe-et-pourquoi-toujours-en-pot\/#article","isPartOf":{"@id":"https:\/\/herberiedelatille.fr\/blog\/potager\/carre-des-aromates\/comment-planter-la-menthe-et-pourquoi-toujours-en-pot\/"},"author":{"name":"Antoine Bernard","@id":"https:\/\/herberiedelatille.fr\/blog\/#\/schema\/person\/c0ae6942e0cc8b6ebd58dada6ee6c2af"},"headline":"Comment planter la menthe \u2014 et pourquoi toujours en pot ?","datePublished":"2026-07-16T17:48:17+00:00","dateModified":"2026-07-16T17:50:07+00:00","mainEntityOfPage":{"@id":"https:\/\/herberiedelatille.fr\/blog\/potager\/carre-des-aromates\/comment-planter-la-menthe-et-pourquoi-toujours-en-pot\/"},"wordCount":505,"commentCount":0,"publisher":{"@id":"https:\/\/herberiedelatille.fr\/blog\/#organization"},"image":{"@id":"https:\/\/herberiedelatille.fr\/blog\/potager\/carre-des-aromates\/comment-planter-la-menthe-et-pourquoi-toujours-en-pot\/#primaryimage"},"thumbnailUrl":"https:\/\/images.pexels.com\/photos\/17506700\/pexels-photo-17506700.jpeg?auto=compress&cs=tinysrgb&fit=crop&h=627&w=1200","articleSection":["Le carr\u00e9 des aromates"],"inLanguage":"fr-FR","potentialAction":[{"@type":"CommentAction","name":"Comment","target":["https:\/\/herberiedelatille.fr\/blog\/potager\/carre-des-aromates\/comment-planter-la-menthe-et-pourquoi-toujours-en-pot\/#respond"]}]},{"@type":"WebPage","@id":"https:\/\/herberiedelatille.fr\/blog\/potager\/carre-des-aromates\/comment-planter-la-menthe-et-pourquoi-toujours-en-pot\/","url":"https:\/\/herberiedelatille.fr\/blog\/potager\/carre-des-aromates\/comment-planter-la-menthe-et-pourquoi-toujours-en-pot\/","name":"Comment planter la menthe \u2014 et pourquoi toujours en pot ?","isPartOf":{"@id":"https:\/\/herberiedelatille.fr\/blog\/#website"},"primaryImageOfPage":{"@id":"https:\/\/herberiedelatille.fr\/blog\/potager\/carre-des-aromates\/comment-planter-la-menthe-et-pourquoi-toujours-en-pot\/#primaryimage"},"image":{"@id":"https:\/\/herberiedelatille.fr\/blog\/potager\/carre-des-aromates\/comment-planter-la-menthe-et-pourquoi-toujours-en-pot\/#primaryimage"},"thumbnailUrl":"https:\/\/images.pexels.com\/photos\/17506700\/pexels-photo-17506700.jpeg?auto=compress&cs=tinysrgb&fit=crop&h=627&w=1200","datePublished":"2026-07-16T17:48:17+00:00","dateModified":"2026-07-16T17:50:07+00:00","description":"Plantez la menthe au printemps, \u00e0 la mi-ombre, dans un sol frais \u2014 mais toujours en pot ou dans une barri\u00e8re enterr\u00e9e, car ses rhizomes souterrains","inLanguage":"fr-FR","potentialAction":[{"@type":"ReadAction","target":["https:\/\/herberiedelatille.fr\/blog\/potager\/carre-des-aromates\/comment-planter-la-menthe-et-pourquoi-toujours-en-pot\/"]}]},{"@type":"ImageObject","inLanguage":"fr-FR","@id":"https:\/\/herberiedelatille.fr\/blog\/potager\/carre-des-aromates\/comment-planter-la-menthe-et-pourquoi-toujours-en-pot\/#primaryimage","url":"https:\/\/images.pexels.com\/photos\/17506700\/pexels-photo-17506700.jpeg?auto=compress&cs=tinysrgb&fit=crop&h=627&w=1200","contentUrl":"https:\/\/images.pexels.com\/photos\/17506700\/pexels-photo-17506700.jpeg?auto=compress&cs=tinysrgb&fit=crop&h=627&w=1200"},{"@type":"WebSite","@id":"https:\/\/herberiedelatille.fr\/blog\/#website","url":"https:\/\/herberiedelatille.fr\/blog\/","name":"Herberie de la Tille","description":"Le m\u00e9dia de la botanique pratique \u2014 plantes, herboristerie, identification","publisher":{"@id":"https:\/\/herberiedelatille.fr\/blog\/#organization"},"alternateName":"Herberie de la Tille","potentialAction":[{"@type":"SearchAction","target":{"@type":"EntryPoint","urlTemplate":"https:\/\/herberiedelatille.fr\/blog\/?s={search_term_string}"},"query-input":{"@type":"PropertyValueSpecification","valueRequired":true,"valueName":"search_term_string"}}],"inLanguage":"fr-FR"},{"@type":"Organization","@id":"https:\/\/herberiedelatille.fr\/blog\/#organization","name":"Herberie de la Tille","url":"https:\/\/herberiedelatille.fr\/blog\/","logo":{"@type":"ImageObject","inLanguage":"fr-FR","@id":"https:\/\/herberiedelatille.fr\/blog\/#\/schema\/logo\/image\/","url":"https:\/\/herberiedelatille.fr\/blog\/wp-content\/uploads\/2024\/12\/herberiedelatille.png","contentUrl":"https:\/\/herberiedelatille.fr\/blog\/wp-content\/uploads\/2024\/12\/herberiedelatille.png","width":500,"height":500,"caption":"Herberie de la Tille"},"image":{"@id":"https:\/\/herberiedelatille.fr\/blog\/#\/schema\/logo\/image\/"}},{"@type":"Person","@id":"https:\/\/herberiedelatille.fr\/blog\/#\/schema\/person\/c0ae6942e0cc8b6ebd58dada6ee6c2af","name":"Antoine Bernard","image":{"@type":"ImageObject","inLanguage":"fr-FR","@id":"https:\/\/herberiedelatille.fr\/blog\/#\/schema\/person\/image\/","url":"https:\/\/secure.gravatar.com\/avatar\/?s=96&d=mm&r=g","contentUrl":"https:\/\/secure.gravatar.com\/avatar\/?s=96&d=mm&r=g","caption":"Antoine Bernard"},"description":"Photographe naturaliste et auteur.","sameAs":["https:\/\/bernardantoine.fr\/"],"url":"https:\/\/herberiedelatille.fr\/blog\/auteur\/antoine-bernard\/","jobTitle":"Contributeur m\u00e9canique","email":"antoine.bernard@autosmythiques57.fr"}]}},"_links":{"self":[{"href":"https:\/\/herberiedelatille.fr\/blog\/wp-json\/wp\/v2\/posts\/7885","targetHints":{"allow":["GET"]}}],"collection":[{"href":"https:\/\/herberiedelatille.fr\/blog\/wp-json\/wp\/v2\/posts"}],"about":[{"href":"https:\/\/herberiedelatille.fr\/blog\/wp-json\/wp\/v2\/types\/post"}],"author":[{"embeddable":true,"href":"https:\/\/herberiedelatille.fr\/blog\/wp-json\/wp\/v2\/users\/42"}],"replies":[{"embeddable":true,"href":"https:\/\/herberiedelatille.fr\/blog\/wp-json\/wp\/v2\/comments?post=7885"}],"version-history":[{"count":1,"href":"https:\/\/herberiedelatille.fr\/blog\/wp-json\/wp\/v2\/posts\/7885\/revisions"}],"predecessor-version":[{"id":7898,"href":"https:\/\/herberiedelatille.fr\/blog\/wp-json\/wp\/v2\/posts\/7885\/revisions\/7898"}],"wp:attachment":[{"href":"https:\/\/herberiedelatille.fr\/blog\/wp-json\/wp\/v2\/media?parent=7885"}],"wp:term":[{"taxonomy":"category","embeddable":true,"href":"https:\/\/herberiedelatille.fr\/blog\/wp-json\/wp\/v2\/categories?post=7885"},{"taxonomy":"post_tag","embeddable":true,"href":"https:\/\/herberiedelatille.fr\/blog\/wp-json\/wp\/v2\/tags?post=7885"}],"curies":[{"name":"wp","href":"https:\/\/api.w.org\/{rel}","templated":true}]}}