{"id":7886,"date":"2026-07-16T19:48:22","date_gmt":"2026-07-16T17:48:22","guid":{"rendered":"https:\/\/herberiedelatille.fr\/blog\/potager\/carre-des-aromates\/comment-couper-la-ciboulette-pour-quelle-repousse\/"},"modified":"2026-07-16T19:50:10","modified_gmt":"2026-07-16T17:50:10","slug":"comment-couper-la-ciboulette-pour-quelle-repousse","status":"publish","type":"post","link":"https:\/\/herberiedelatille.fr\/blog\/potager\/carre-des-aromates\/comment-couper-la-ciboulette-pour-quelle-repousse\/","title":{"rendered":"Comment couper la ciboulette pour qu&rsquo;elle repousse ?"},"content":{"rendered":"<p><strong>Coupez la ciboulette aux ciseaux \u00e0 2-3 cm au-dessus du sol, par poign\u00e9es enti\u00e8res, plut\u00f4t que de tailler les pointes : chaque brin coup\u00e9 \u00e0 la base repousse enti\u00e8rement en 2 \u00e0 3 semaines, alors qu&rsquo;un brin \u00e9t\u00eat\u00e9 reste marqu\u00e9 et jaunit \u00e0 la coupe.<\/strong> C&rsquo;est le m\u00eame principe que la tonte : la ciboulette pousse par la base, pas par le sommet.<\/p>\n<h2>Le bon geste de r\u00e9colte<\/h2>\n<p>Saisissez une petite touffe de brins dans une main, coupez net aux ciseaux \u00e0 2-3 cm du sol, et passez \u00e0 la poign\u00e9e voisine la fois suivante. En tournant ainsi autour de la touffe, vous avez de la ciboulette tendre en continu du printemps aux gel\u00e9es. \u00c9vitez de raser toute la touffe d&rsquo;un coup en pleine chaleur : elle repartirait plus lentement. Les brins se ciselent au dernier moment \u2014 la ciboulette perd vite son parfum une fois coup\u00e9e.<\/p>\n<table>\n<thead>\n<tr>\n<th>Geste<\/th>\n<th>Fr\u00e9quence<\/th>\n<th>R\u00e9sultat<\/th>\n<\/tr>\n<\/thead>\n<tbody>\n<tr>\n<td>Couper une poign\u00e9e \u00e0 2-3 cm du sol<\/td>\n<td>Au fil des besoins<\/td>\n<td>Repousse compl\u00e8te en 2-3 semaines<\/td>\n<\/tr>\n<tr>\n<td>Rabattre toute la touffe<\/td>\n<td>1 \u00e0 2 fois par saison, si elle jaunit ou fleurit trop<\/td>\n<td>Rajeunissement complet<\/td>\n<\/tr>\n<tr>\n<td>Couper seulement les pointes<\/td>\n<td>\u00c0 \u00e9viter<\/td>\n<td>Brins jaunis, touffe qui s&rsquo;\u00e9puise<\/td>\n<\/tr>\n<tr>\n<td>Diviser la touffe<\/td>\n<td>Tous les 3 ans, au printemps<\/td>\n<td>Plants revigor\u00e9s<\/td>\n<\/tr>\n<\/tbody>\n<\/table>\n<h2>Faut-il couper les fleurs de la ciboulette ?<\/h2>\n<p>Si vous cultivez la ciboulette pour ses brins, oui : la floraison durcit les tiges qui portent les fleurs et ralentit la production de feuilles. Mais les pompons mauves sont comestibles, au go\u00fbt d&rsquo;oignon doux \u2014 beaucoup de jardiniers laissent fleurir une partie de la touffe pour les salades et pour les pollinisateurs, et rabattent le reste.<\/p>\n<h2>Et le persil, comment le couper sans le tuer ?<\/h2>\n<p>Le persil fonctionne diff\u00e9remment : il pousse du c\u0153ur. Coupez les tiges ext\u00e9rieures \u00e0 la base, en laissant intact le centre de la rosette d&rsquo;o\u00f9 sortent les nouvelles feuilles. N&rsquo;arrachez jamais le c\u0153ur : c&rsquo;est lui qui assure la repousse. R\u00e9colt\u00e9 ainsi, un pied de persil produit plusieurs mois.<\/p>\n<details>\n<summary>Quand couper la ciboulette ?<\/summary>\n<p>D\u00e8s que les brins atteignent 15-20 cm, du printemps aux premi\u00e8res gel\u00e9es. Le matin, les brins sont les plus croquants.<\/p>\n<\/details>\n<details>\n<summary>Comment conserver la ciboulette coup\u00e9e ?<\/summary>\n<p>Quelques jours dans un verre d&rsquo;eau au frais, ou cisel\u00e9e au cong\u00e9lateur \u2014 elle fait partie des herbes qui se cong\u00e8lent tr\u00e8s bien et se s\u00e8chent tr\u00e8s mal.<\/p>\n<\/details>\n<details>\n<summary>Pourquoi ma ciboulette jaunit-elle ?<\/summary>\n<p>Le plus souvent : manque d&rsquo;eau (elle aime les sols frais), pot devenu trop petit, ou touffe \u00e2g\u00e9e \u00e0 diviser. Rabattez \u00e0 3 cm, arrosez, elle repart g\u00e9n\u00e9ralement.<\/p>\n<\/details>\n<h2>\u00c0 lire aussi<\/h2>\n<ul>\n<li><a href=\"https:\/\/herberiedelatille.fr\/blog\/potager\/carre-des-aromates\/herbes-aromatiques-le-guide-pratique-de-la-cuisine-au-jardin\/\">Herbes aromatiques : le guide pratique, de la cuisine au jardin<\/a><\/li>\n<li><a href=\"https:\/\/herberiedelatille.fr\/blog\/potager\/carre-des-aromates\/comment-planter-la-menthe-et-pourquoi-toujours-en-pot\/\">Comment planter la menthe \u2014 et pourquoi toujours en pot ?<\/a><\/li>\n<li><a href=\"https:\/\/herberiedelatille.fr\/blog\/potager\/carre-des-aromates\/peut-on-congeler-les-herbes-aromatiques-fraiches\/\">Peut-on congeler les herbes aromatiques fra\u00eeches ?<\/a><\/li>\n<li><a href=\"https:\/\/herberiedelatille.fr\/blog\/potager\/carre-des-aromates\/comment-tailler-le-basilic-pour-quil-repousse\/\">Comment tailler le basilic pour qu&rsquo;il repousse ?<\/a><\/li>\n<\/ul>\n","protected":false},"excerpt":{"rendered":"","protected":false},"author":42,"featured_media":999999999,"comment_status":"open","ping_status":"open","sticky":false,"template":"","format":"standard","meta":{"_acf_changed":false,"manual_indexmenow":false,"indexmenow_id_project":0,"footnotes":""},"categories":[4616],"tags":[],"class_list":["post-7886","post","type-post","status-publish","format-standard","has-post-thumbnail","hentry","category-carre-des-aromates","generate-columns","tablet-grid-50","mobile-grid-100","grid-parent","grid-25"],"acf":[],"yoast_head":"<!-- This site is optimized with the Yoast SEO Premium plugin v21.3 (Yoast SEO v25.6) - https:\/\/yoast.com\/wordpress\/plugins\/seo\/ -->\n<title>Comment couper la ciboulette pour qu&#039;elle repousse ?<\/title>\n<meta name=\"description\" content=\"Coupez la ciboulette aux ciseaux \u00e0 2-3 cm au-dessus du sol, par poign\u00e9es enti\u00e8res, plut\u00f4t que de tailler les pointes : chaque brin coup\u00e9 \u00e0 la base\" \/>\n<meta name=\"robots\" content=\"index, follow, max-snippet:-1, max-image-preview:large, max-video-preview:-1\" \/>\n<link rel=\"canonical\" href=\"https:\/\/herberiedelatille.fr\/blog\/potager\/carre-des-aromates\/comment-couper-la-ciboulette-pour-quelle-repousse\/\" \/>\n<meta property=\"og:locale\" content=\"fr_FR\" \/>\n<meta property=\"og:type\" content=\"article\" \/>\n<meta property=\"og:title\" content=\"Comment couper la ciboulette pour qu&#039;elle repousse ?\" \/>\n<meta property=\"og:description\" content=\"Coupez la ciboulette aux ciseaux \u00e0 2-3 cm au-dessus du sol, par poign\u00e9es enti\u00e8res, plut\u00f4t que de tailler les pointes : chaque brin coup\u00e9 \u00e0 la base\" \/>\n<meta property=\"og:url\" content=\"https:\/\/herberiedelatille.fr\/blog\/potager\/carre-des-aromates\/comment-couper-la-ciboulette-pour-quelle-repousse\/\" \/>\n<meta property=\"og:site_name\" content=\"Herberie de la Tille\" \/>\n<meta name=\"author\" content=\"Antoine Bernard\" \/>\n<meta name=\"twitter:card\" content=\"summary_large_image\" \/>\n<script type=\"application\/ld+json\" class=\"yoast-schema-graph\">{\"@context\":\"https:\/\/schema.org\",\"@graph\":[{\"@type\":\"NewsArticle\",\"@id\":\"https:\/\/herberiedelatille.fr\/blog\/potager\/carre-des-aromates\/comment-couper-la-ciboulette-pour-quelle-repousse\/#article\",\"isPartOf\":{\"@id\":\"https:\/\/herberiedelatille.fr\/blog\/potager\/carre-des-aromates\/comment-couper-la-ciboulette-pour-quelle-repousse\/\"},\"author\":{\"name\":\"Antoine Bernard\",\"@id\":\"https:\/\/herberiedelatille.fr\/blog\/#\/schema\/person\/c0ae6942e0cc8b6ebd58dada6ee6c2af\"},\"headline\":\"Comment couper la ciboulette pour qu&rsquo;elle repousse ?\",\"datePublished\":\"2026-07-16T17:48:22+00:00\",\"dateModified\":\"2026-07-16T17:50:10+00:00\",\"mainEntityOfPage\":{\"@id\":\"https:\/\/herberiedelatille.fr\/blog\/potager\/carre-des-aromates\/comment-couper-la-ciboulette-pour-quelle-repousse\/\"},\"wordCount\":478,\"commentCount\":0,\"publisher\":{\"@id\":\"https:\/\/herberiedelatille.fr\/blog\/#organization\"},\"image\":{\"@id\":\"https:\/\/herberiedelatille.fr\/blog\/potager\/carre-des-aromates\/comment-couper-la-ciboulette-pour-quelle-repousse\/#primaryimage\"},\"thumbnailUrl\":\"https:\/\/images.pexels.com\/photos\/29239071\/pexels-photo-29239071.jpeg?auto=compress&cs=tinysrgb&fit=crop&h=627&w=1200\",\"articleSection\":[\"Le carr\u00e9 des aromates\"],\"inLanguage\":\"fr-FR\",\"potentialAction\":[{\"@type\":\"CommentAction\",\"name\":\"Comment\",\"target\":[\"https:\/\/herberiedelatille.fr\/blog\/potager\/carre-des-aromates\/comment-couper-la-ciboulette-pour-quelle-repousse\/#respond\"]}]},{\"@type\":\"WebPage\",\"@id\":\"https:\/\/herberiedelatille.fr\/blog\/potager\/carre-des-aromates\/comment-couper-la-ciboulette-pour-quelle-repousse\/\",\"url\":\"https:\/\/herberiedelatille.fr\/blog\/potager\/carre-des-aromates\/comment-couper-la-ciboulette-pour-quelle-repousse\/\",\"name\":\"Comment couper la ciboulette pour qu'elle repousse ?\",\"isPartOf\":{\"@id\":\"https:\/\/herberiedelatille.fr\/blog\/#website\"},\"primaryImageOfPage\":{\"@id\":\"https:\/\/herberiedelatille.fr\/blog\/potager\/carre-des-aromates\/comment-couper-la-ciboulette-pour-quelle-repousse\/#primaryimage\"},\"image\":{\"@id\":\"https:\/\/herberiedelatille.fr\/blog\/potager\/carre-des-aromates\/comment-couper-la-ciboulette-pour-quelle-repousse\/#primaryimage\"},\"thumbnailUrl\":\"https:\/\/images.pexels.com\/photos\/29239071\/pexels-photo-29239071.jpeg?auto=compress&cs=tinysrgb&fit=crop&h=627&w=1200\",\"datePublished\":\"2026-07-16T17:48:22+00:00\",\"dateModified\":\"2026-07-16T17:50:10+00:00\",\"description\":\"Coupez la ciboulette aux ciseaux \u00e0 2-3 cm au-dessus du sol, par poign\u00e9es enti\u00e8res, plut\u00f4t que de tailler les pointes : chaque brin coup\u00e9 \u00e0 la base\",\"inLanguage\":\"fr-FR\",\"potentialAction\":[{\"@type\":\"ReadAction\",\"target\":[\"https:\/\/herberiedelatille.fr\/blog\/potager\/carre-des-aromates\/comment-couper-la-ciboulette-pour-quelle-repousse\/\"]}]},{\"@type\":\"ImageObject\",\"inLanguage\":\"fr-FR\",\"@id\":\"https:\/\/herberiedelatille.fr\/blog\/potager\/carre-des-aromates\/comment-couper-la-ciboulette-pour-quelle-repousse\/#primaryimage\",\"url\":\"https:\/\/images.pexels.com\/photos\/29239071\/pexels-photo-29239071.jpeg?auto=compress&cs=tinysrgb&fit=crop&h=627&w=1200\",\"contentUrl\":\"https:\/\/images.pexels.com\/photos\/29239071\/pexels-photo-29239071.jpeg?auto=compress&cs=tinysrgb&fit=crop&h=627&w=1200\"},{\"@type\":\"WebSite\",\"@id\":\"https:\/\/herberiedelatille.fr\/blog\/#website\",\"url\":\"https:\/\/herberiedelatille.fr\/blog\/\",\"name\":\"Herberie de la Tille\",\"description\":\"Le m\u00e9dia de la botanique pratique \u2014 plantes, herboristerie, identification\",\"publisher\":{\"@id\":\"https:\/\/herberiedelatille.fr\/blog\/#organization\"},\"alternateName\":\"Herberie de la Tille\",\"potentialAction\":[{\"@type\":\"SearchAction\",\"target\":{\"@type\":\"EntryPoint\",\"urlTemplate\":\"https:\/\/herberiedelatille.fr\/blog\/?s={search_term_string}\"},\"query-input\":{\"@type\":\"PropertyValueSpecification\",\"valueRequired\":true,\"valueName\":\"search_term_string\"}}],\"inLanguage\":\"fr-FR\"},{\"@type\":\"Organization\",\"@id\":\"https:\/\/herberiedelatille.fr\/blog\/#organization\",\"name\":\"Herberie de la Tille\",\"url\":\"https:\/\/herberiedelatille.fr\/blog\/\",\"logo\":{\"@type\":\"ImageObject\",\"inLanguage\":\"fr-FR\",\"@id\":\"https:\/\/herberiedelatille.fr\/blog\/#\/schema\/logo\/image\/\",\"url\":\"https:\/\/herberiedelatille.fr\/blog\/wp-content\/uploads\/2024\/12\/herberiedelatille.png\",\"contentUrl\":\"https:\/\/herberiedelatille.fr\/blog\/wp-content\/uploads\/2024\/12\/herberiedelatille.png\",\"width\":500,\"height\":500,\"caption\":\"Herberie de la Tille\"},\"image\":{\"@id\":\"https:\/\/herberiedelatille.fr\/blog\/#\/schema\/logo\/image\/\"}},{\"@type\":\"Person\",\"@id\":\"https:\/\/herberiedelatille.fr\/blog\/#\/schema\/person\/c0ae6942e0cc8b6ebd58dada6ee6c2af\",\"name\":\"Antoine Bernard\",\"image\":{\"@type\":\"ImageObject\",\"inLanguage\":\"fr-FR\",\"@id\":\"https:\/\/herberiedelatille.fr\/blog\/#\/schema\/person\/image\/\",\"url\":\"https:\/\/secure.gravatar.com\/avatar\/?s=96&d=mm&r=g\",\"contentUrl\":\"https:\/\/secure.gravatar.com\/avatar\/?s=96&d=mm&r=g\",\"caption\":\"Antoine Bernard\"},\"description\":\"Photographe naturaliste et auteur.\",\"sameAs\":[\"https:\/\/bernardantoine.fr\/\"],\"url\":\"https:\/\/herberiedelatille.fr\/blog\/auteur\/antoine-bernard\/\",\"jobTitle\":\"Contributeur m\u00e9canique\",\"email\":\"antoine.bernard@autosmythiques57.fr\"}]}<\/script>\n<!-- \/ Yoast SEO Premium plugin. -->","yoast_head_json":{"title":"Comment couper la ciboulette pour qu'elle repousse ?","description":"Coupez la ciboulette aux ciseaux \u00e0 2-3 cm au-dessus du sol, par poign\u00e9es enti\u00e8res, plut\u00f4t que de tailler les pointes : chaque brin coup\u00e9 \u00e0 la base","robots":{"index":"index","follow":"follow","max-snippet":"max-snippet:-1","max-image-preview":"max-image-preview:large","max-video-preview":"max-video-preview:-1"},"canonical":"https:\/\/herberiedelatille.fr\/blog\/potager\/carre-des-aromates\/comment-couper-la-ciboulette-pour-quelle-repousse\/","og_locale":"fr_FR","og_type":"article","og_title":"Comment couper la ciboulette pour qu'elle repousse ?","og_description":"Coupez la ciboulette aux ciseaux \u00e0 2-3 cm au-dessus du sol, par poign\u00e9es enti\u00e8res, plut\u00f4t que de tailler les pointes : chaque brin coup\u00e9 \u00e0 la base","og_url":"https:\/\/herberiedelatille.fr\/blog\/potager\/carre-des-aromates\/comment-couper-la-ciboulette-pour-quelle-repousse\/","og_site_name":"Herberie de la Tille","author":"Antoine Bernard","twitter_card":"summary_large_image","schema":{"@context":"https:\/\/schema.org","@graph":[{"@type":"NewsArticle","@id":"https:\/\/herberiedelatille.fr\/blog\/potager\/carre-des-aromates\/comment-couper-la-ciboulette-pour-quelle-repousse\/#article","isPartOf":{"@id":"https:\/\/herberiedelatille.fr\/blog\/potager\/carre-des-aromates\/comment-couper-la-ciboulette-pour-quelle-repousse\/"},"author":{"name":"Antoine Bernard","@id":"https:\/\/herberiedelatille.fr\/blog\/#\/schema\/person\/c0ae6942e0cc8b6ebd58dada6ee6c2af"},"headline":"Comment couper la ciboulette pour qu&rsquo;elle repousse ?","datePublished":"2026-07-16T17:48:22+00:00","dateModified":"2026-07-16T17:50:10+00:00","mainEntityOfPage":{"@id":"https:\/\/herberiedelatille.fr\/blog\/potager\/carre-des-aromates\/comment-couper-la-ciboulette-pour-quelle-repousse\/"},"wordCount":478,"commentCount":0,"publisher":{"@id":"https:\/\/herberiedelatille.fr\/blog\/#organization"},"image":{"@id":"https:\/\/herberiedelatille.fr\/blog\/potager\/carre-des-aromates\/comment-couper-la-ciboulette-pour-quelle-repousse\/#primaryimage"},"thumbnailUrl":"https:\/\/images.pexels.com\/photos\/29239071\/pexels-photo-29239071.jpeg?auto=compress&cs=tinysrgb&fit=crop&h=627&w=1200","articleSection":["Le carr\u00e9 des aromates"],"inLanguage":"fr-FR","potentialAction":[{"@type":"CommentAction","name":"Comment","target":["https:\/\/herberiedelatille.fr\/blog\/potager\/carre-des-aromates\/comment-couper-la-ciboulette-pour-quelle-repousse\/#respond"]}]},{"@type":"WebPage","@id":"https:\/\/herberiedelatille.fr\/blog\/potager\/carre-des-aromates\/comment-couper-la-ciboulette-pour-quelle-repousse\/","url":"https:\/\/herberiedelatille.fr\/blog\/potager\/carre-des-aromates\/comment-couper-la-ciboulette-pour-quelle-repousse\/","name":"Comment couper la ciboulette pour qu'elle repousse ?","isPartOf":{"@id":"https:\/\/herberiedelatille.fr\/blog\/#website"},"primaryImageOfPage":{"@id":"https:\/\/herberiedelatille.fr\/blog\/potager\/carre-des-aromates\/comment-couper-la-ciboulette-pour-quelle-repousse\/#primaryimage"},"image":{"@id":"https:\/\/herberiedelatille.fr\/blog\/potager\/carre-des-aromates\/comment-couper-la-ciboulette-pour-quelle-repousse\/#primaryimage"},"thumbnailUrl":"https:\/\/images.pexels.com\/photos\/29239071\/pexels-photo-29239071.jpeg?auto=compress&cs=tinysrgb&fit=crop&h=627&w=1200","datePublished":"2026-07-16T17:48:22+00:00","dateModified":"2026-07-16T17:50:10+00:00","description":"Coupez la ciboulette aux ciseaux \u00e0 2-3 cm au-dessus du sol, par poign\u00e9es enti\u00e8res, plut\u00f4t que de tailler les pointes : chaque brin coup\u00e9 \u00e0 la base","inLanguage":"fr-FR","potentialAction":[{"@type":"ReadAction","target":["https:\/\/herberiedelatille.fr\/blog\/potager\/carre-des-aromates\/comment-couper-la-ciboulette-pour-quelle-repousse\/"]}]},{"@type":"ImageObject","inLanguage":"fr-FR","@id":"https:\/\/herberiedelatille.fr\/blog\/potager\/carre-des-aromates\/comment-couper-la-ciboulette-pour-quelle-repousse\/#primaryimage","url":"https:\/\/images.pexels.com\/photos\/29239071\/pexels-photo-29239071.jpeg?auto=compress&cs=tinysrgb&fit=crop&h=627&w=1200","contentUrl":"https:\/\/images.pexels.com\/photos\/29239071\/pexels-photo-29239071.jpeg?auto=compress&cs=tinysrgb&fit=crop&h=627&w=1200"},{"@type":"WebSite","@id":"https:\/\/herberiedelatille.fr\/blog\/#website","url":"https:\/\/herberiedelatille.fr\/blog\/","name":"Herberie de la Tille","description":"Le m\u00e9dia de la botanique pratique \u2014 plantes, herboristerie, identification","publisher":{"@id":"https:\/\/herberiedelatille.fr\/blog\/#organization"},"alternateName":"Herberie de la Tille","potentialAction":[{"@type":"SearchAction","target":{"@type":"EntryPoint","urlTemplate":"https:\/\/herberiedelatille.fr\/blog\/?s={search_term_string}"},"query-input":{"@type":"PropertyValueSpecification","valueRequired":true,"valueName":"search_term_string"}}],"inLanguage":"fr-FR"},{"@type":"Organization","@id":"https:\/\/herberiedelatille.fr\/blog\/#organization","name":"Herberie de la Tille","url":"https:\/\/herberiedelatille.fr\/blog\/","logo":{"@type":"ImageObject","inLanguage":"fr-FR","@id":"https:\/\/herberiedelatille.fr\/blog\/#\/schema\/logo\/image\/","url":"https:\/\/herberiedelatille.fr\/blog\/wp-content\/uploads\/2024\/12\/herberiedelatille.png","contentUrl":"https:\/\/herberiedelatille.fr\/blog\/wp-content\/uploads\/2024\/12\/herberiedelatille.png","width":500,"height":500,"caption":"Herberie de la Tille"},"image":{"@id":"https:\/\/herberiedelatille.fr\/blog\/#\/schema\/logo\/image\/"}},{"@type":"Person","@id":"https:\/\/herberiedelatille.fr\/blog\/#\/schema\/person\/c0ae6942e0cc8b6ebd58dada6ee6c2af","name":"Antoine Bernard","image":{"@type":"ImageObject","inLanguage":"fr-FR","@id":"https:\/\/herberiedelatille.fr\/blog\/#\/schema\/person\/image\/","url":"https:\/\/secure.gravatar.com\/avatar\/?s=96&d=mm&r=g","contentUrl":"https:\/\/secure.gravatar.com\/avatar\/?s=96&d=mm&r=g","caption":"Antoine Bernard"},"description":"Photographe naturaliste et auteur.","sameAs":["https:\/\/bernardantoine.fr\/"],"url":"https:\/\/herberiedelatille.fr\/blog\/auteur\/antoine-bernard\/","jobTitle":"Contributeur m\u00e9canique","email":"antoine.bernard@autosmythiques57.fr"}]}},"_links":{"self":[{"href":"https:\/\/herberiedelatille.fr\/blog\/wp-json\/wp\/v2\/posts\/7886","targetHints":{"allow":["GET"]}}],"collection":[{"href":"https:\/\/herberiedelatille.fr\/blog\/wp-json\/wp\/v2\/posts"}],"about":[{"href":"https:\/\/herberiedelatille.fr\/blog\/wp-json\/wp\/v2\/types\/post"}],"author":[{"embeddable":true,"href":"https:\/\/herberiedelatille.fr\/blog\/wp-json\/wp\/v2\/users\/42"}],"replies":[{"embeddable":true,"href":"https:\/\/herberiedelatille.fr\/blog\/wp-json\/wp\/v2\/comments?post=7886"}],"version-history":[{"count":1,"href":"https:\/\/herberiedelatille.fr\/blog\/wp-json\/wp\/v2\/posts\/7886\/revisions"}],"predecessor-version":[{"id":7899,"href":"https:\/\/herberiedelatille.fr\/blog\/wp-json\/wp\/v2\/posts\/7886\/revisions\/7899"}],"wp:attachment":[{"href":"https:\/\/herberiedelatille.fr\/blog\/wp-json\/wp\/v2\/media?parent=7886"}],"wp:term":[{"taxonomy":"category","embeddable":true,"href":"https:\/\/herberiedelatille.fr\/blog\/wp-json\/wp\/v2\/categories?post=7886"},{"taxonomy":"post_tag","embeddable":true,"href":"https:\/\/herberiedelatille.fr\/blog\/wp-json\/wp\/v2\/tags?post=7886"}],"curies":[{"name":"wp","href":"https:\/\/api.w.org\/{rel}","templated":true}]}}