{"id":7888,"date":"2026-07-16T19:48:32","date_gmt":"2026-07-16T17:48:32","guid":{"rendered":"https:\/\/herberiedelatille.fr\/blog\/potager\/carre-des-aromates\/que-contient-vraiment-le-melange-herbes-de-provence\/"},"modified":"2026-07-16T19:50:16","modified_gmt":"2026-07-16T17:50:16","slug":"que-contient-vraiment-le-melange-herbes-de-provence","status":"publish","type":"post","link":"https:\/\/herberiedelatille.fr\/blog\/potager\/carre-des-aromates\/que-contient-vraiment-le-melange-herbes-de-provence\/","title":{"rendered":"Que contient vraiment le m\u00e9lange \u00ab herbes de Provence \u00bb ?"},"content":{"rendered":"<p><strong>Le m\u00e9lange \u00ab herbes de Provence \u00bb classique associe thym, romarin, sarriette et origan \u2014 mais l&rsquo;appellation n&rsquo;est pas prot\u00e9g\u00e9e : n&rsquo;importe quel m\u00e9lange, avec des herbes cultiv\u00e9es n&rsquo;importe o\u00f9 dans le monde, peut s&rsquo;appeler ainsi.<\/strong> Seule la mention <em>Label Rouge<\/em> garantit une recette pr\u00e9cise et contr\u00f4l\u00e9e : 26 % de romarin, 26 % de sarriette, 26 % d&rsquo;origan, 19 % de thym et 3 % de basilic.<\/p>\n<h2>Une appellation libre, un label encadr\u00e9<\/h2>\n<p>\u00ab Herbes de Provence \u00bb d\u00e9signe un type de m\u00e9lange, pas une origine : une grande partie des m\u00e9langes vendus en grande surface contient des herbes import\u00e9es (Pologne, Maroc, Albanie, Chine\u2026). Le Label Rouge, cr\u00e9\u00e9 en 2003 pour d\u00e9fendre la production locale, impose \u00e0 la fois le dosage ci-dessus et une qualit\u00e9 aromatique sup\u00e9rieure contr\u00f4l\u00e9e. D&rsquo;autres marques jouent la transparence avec une mention \u00ab origine France \u00bb ou \u00ab Provence \u00bb \u2014 v\u00e9rifiez l&rsquo;\u00e9tiquette si l&rsquo;origine compte pour vous.<\/p>\n<table>\n<thead>\n<tr>\n<th>Mention sur l&rsquo;\u00e9tiquette<\/th>\n<th>Ce qu&rsquo;elle garantit<\/th>\n<\/tr>\n<\/thead>\n<tbody>\n<tr>\n<td>\u00ab Herbes de Provence \u00bb seule<\/td>\n<td>Rien : recette et origine libres<\/td>\n<\/tr>\n<tr>\n<td>Herbes de Provence Label Rouge<\/td>\n<td>Dosage fixe 26\/26\/26\/19\/3 et qualit\u00e9 contr\u00f4l\u00e9e<\/td>\n<\/tr>\n<tr>\n<td>\u00ab Origine France \u00bb \/ \u00ab de Provence \u00bb<\/td>\n<td>Origine d\u00e9clar\u00e9e des plantes<\/td>\n<\/tr>\n<tr>\n<td>M\u00e9langes \u00ab maison \u00bb d&rsquo;\u00e9piciers<\/td>\n<td>Variable \u2014 parfois lavande, marjolaine, fenouil en plus<\/td>\n<\/tr>\n<\/tbody>\n<\/table>\n<h2>Et la lavande, alors ?<\/h2>\n<p>Contrairement \u00e0 l&rsquo;image d&rsquo;\u00c9pinal, la lavande ne fait pas partie de la recette traditionnelle ni du Label Rouge. On la trouve surtout dans les m\u00e9langes destin\u00e9s au march\u00e9 touristique et nord-am\u00e9ricain (\u00ab herbes de Provence \u00bb \u00e0 l&rsquo;am\u00e9ricaine). Rien n&rsquo;interdit d&rsquo;en mettre une pinc\u00e9e, mais son parfum puissant domine vite tout le reste.<\/p>\n<h2>Faire son m\u00e9lange soi-m\u00eame<\/h2>\n<p>Si vous cultivez thym, romarin, sarriette et origan, s\u00e9chez-les s\u00e9par\u00e9ment, \u00e9miettez et m\u00e9langez \u00e0 parts \u00e0 peu pr\u00e8s \u00e9gales, en dosant le romarin selon votre go\u00fbt (c&rsquo;est lui qui \u00ab pique \u00bb). Conservez en bocal herm\u00e9tique \u00e0 l&rsquo;abri de la lumi\u00e8re : le m\u00e9lange garde son parfum environ un an. C&rsquo;est l&rsquo;assaisonnement type des grillades, ratatouilles, tomates r\u00f4ties et marinades \u00e0 l&rsquo;huile d&rsquo;olive \u2014 \u00e0 ajouter plut\u00f4t en d\u00e9but de cuisson, contrairement aux herbes fra\u00eeches.<\/p>\n<details>\n<summary>Comment remplacer les herbes de Provence ?<\/summary>\n<p>Par du thym + origan \u00e0 parts \u00e9gales, ou du thym seul avec une feuille de laurier : on retrouve l&rsquo;essentiel du profil aromatique.<\/p>\n<\/details>\n<details>\n<summary>Dans quels plats utiliser les herbes de Provence ?<\/summary>\n<p>Grillades et r\u00f4tis, l\u00e9gumes du soleil (ratatouille, tian), pizzas, marinades, pommes de terre au four. Dosez l\u00e9ger : une cuill\u00e8re \u00e0 caf\u00e9 suffit pour un plat de 4 personnes.<\/p>\n<\/details>\n<details>\n<summary>Les herbes de Provence se p\u00e9riment-elles ?<\/summary>\n<p>Elles ne deviennent pas dangereuses, mais perdent leur parfum. Au-del\u00e0 d&rsquo;un an apr\u00e8s ouverture, le m\u00e9lange n&rsquo;apporte plus grand-chose.<\/p>\n<\/details>\n<h2>\u00c0 lire aussi<\/h2>\n<ul>\n<li><a href=\"https:\/\/herberiedelatille.fr\/blog\/potager\/carre-des-aromates\/herbes-aromatiques-le-guide-pratique-de-la-cuisine-au-jardin\/\">Herbes aromatiques : le guide pratique, de la cuisine au jardin<\/a><\/li>\n<li><a href=\"https:\/\/herberiedelatille.fr\/blog\/potager\/carre-des-aromates\/que-met-on-dans-un-bouquet-garni-et-comment-le-faire\/\">Que met-on dans un bouquet garni (et comment le faire) ?<\/a><\/li>\n<li><a href=\"https:\/\/herberiedelatille.fr\/blog\/potager\/carre-des-aromates\/comment-faire-secher-ses-herbes-aromatiques-menthe-thym-laurier\/\">Comment faire s\u00e9cher ses herbes aromatiques (menthe, thym, laurier\u2026) ?<\/a><\/li>\n<li><a href=\"https:\/\/herberiedelatille.fr\/blog\/potager\/carre-des-aromates\/quand-et-comment-tailler-le-thym\/\">Quand et comment tailler le thym ?<\/a><\/li>\n<\/ul>\n","protected":false},"excerpt":{"rendered":"","protected":false},"author":42,"featured_media":999999999,"comment_status":"open","ping_status":"open","sticky":false,"template":"","format":"standard","meta":{"_acf_changed":false,"manual_indexmenow":false,"indexmenow_id_project":0,"footnotes":""},"categories":[4616],"tags":[],"class_list":["post-7888","post","type-post","status-publish","format-standard","has-post-thumbnail","hentry","category-carre-des-aromates","generate-columns","tablet-grid-50","mobile-grid-100","grid-parent","grid-25"],"acf":[],"yoast_head":"<!-- This site is optimized with the Yoast SEO Premium plugin v21.3 (Yoast SEO v25.6) - https:\/\/yoast.com\/wordpress\/plugins\/seo\/ -->\n<title>Que contient vraiment le m\u00e9lange \u00ab herbes de Provence \u00bb ?<\/title>\n<meta name=\"description\" content=\"Le m\u00e9lange \u00ab herbes de Provence \u00bb classique associe thym, romarin, sarriette et origan \u2014 mais l&#039;appellation n&#039;est pas prot\u00e9g\u00e9e : n&#039;importe quel m\u00e9lange,\" \/>\n<meta name=\"robots\" content=\"index, follow, max-snippet:-1, max-image-preview:large, max-video-preview:-1\" \/>\n<link rel=\"canonical\" href=\"https:\/\/herberiedelatille.fr\/blog\/potager\/carre-des-aromates\/que-contient-vraiment-le-melange-herbes-de-provence\/\" \/>\n<meta property=\"og:locale\" content=\"fr_FR\" \/>\n<meta property=\"og:type\" content=\"article\" \/>\n<meta property=\"og:title\" content=\"Que contient vraiment le m\u00e9lange \u00ab herbes de Provence \u00bb ?\" \/>\n<meta property=\"og:description\" content=\"Le m\u00e9lange \u00ab herbes de Provence \u00bb classique associe thym, romarin, sarriette et origan \u2014 mais l&#039;appellation n&#039;est pas prot\u00e9g\u00e9e : n&#039;importe quel m\u00e9lange,\" \/>\n<meta property=\"og:url\" content=\"https:\/\/herberiedelatille.fr\/blog\/potager\/carre-des-aromates\/que-contient-vraiment-le-melange-herbes-de-provence\/\" \/>\n<meta property=\"og:site_name\" content=\"Herberie de la Tille\" \/>\n<meta name=\"author\" content=\"Antoine Bernard\" \/>\n<meta name=\"twitter:card\" content=\"summary_large_image\" \/>\n<script type=\"application\/ld+json\" class=\"yoast-schema-graph\">{\"@context\":\"https:\/\/schema.org\",\"@graph\":[{\"@type\":\"NewsArticle\",\"@id\":\"https:\/\/herberiedelatille.fr\/blog\/potager\/carre-des-aromates\/que-contient-vraiment-le-melange-herbes-de-provence\/#article\",\"isPartOf\":{\"@id\":\"https:\/\/herberiedelatille.fr\/blog\/potager\/carre-des-aromates\/que-contient-vraiment-le-melange-herbes-de-provence\/\"},\"author\":{\"name\":\"Antoine Bernard\",\"@id\":\"https:\/\/herberiedelatille.fr\/blog\/#\/schema\/person\/c0ae6942e0cc8b6ebd58dada6ee6c2af\"},\"headline\":\"Que contient vraiment le m\u00e9lange \u00ab herbes de Provence \u00bb ?\",\"datePublished\":\"2026-07-16T17:48:32+00:00\",\"dateModified\":\"2026-07-16T17:50:16+00:00\",\"mainEntityOfPage\":{\"@id\":\"https:\/\/herberiedelatille.fr\/blog\/potager\/carre-des-aromates\/que-contient-vraiment-le-melange-herbes-de-provence\/\"},\"wordCount\":502,\"commentCount\":0,\"publisher\":{\"@id\":\"https:\/\/herberiedelatille.fr\/blog\/#organization\"},\"image\":{\"@id\":\"https:\/\/herberiedelatille.fr\/blog\/potager\/carre-des-aromates\/que-contient-vraiment-le-melange-herbes-de-provence\/#primaryimage\"},\"thumbnailUrl\":\"https:\/\/images.pexels.com\/photos\/6803743\/pexels-photo-6803743.jpeg?auto=compress&cs=tinysrgb&fit=crop&h=627&w=1200\",\"articleSection\":[\"Le carr\u00e9 des aromates\"],\"inLanguage\":\"fr-FR\",\"potentialAction\":[{\"@type\":\"CommentAction\",\"name\":\"Comment\",\"target\":[\"https:\/\/herberiedelatille.fr\/blog\/potager\/carre-des-aromates\/que-contient-vraiment-le-melange-herbes-de-provence\/#respond\"]}]},{\"@type\":\"WebPage\",\"@id\":\"https:\/\/herberiedelatille.fr\/blog\/potager\/carre-des-aromates\/que-contient-vraiment-le-melange-herbes-de-provence\/\",\"url\":\"https:\/\/herberiedelatille.fr\/blog\/potager\/carre-des-aromates\/que-contient-vraiment-le-melange-herbes-de-provence\/\",\"name\":\"Que contient vraiment le m\u00e9lange \u00ab herbes de Provence \u00bb ?\",\"isPartOf\":{\"@id\":\"https:\/\/herberiedelatille.fr\/blog\/#website\"},\"primaryImageOfPage\":{\"@id\":\"https:\/\/herberiedelatille.fr\/blog\/potager\/carre-des-aromates\/que-contient-vraiment-le-melange-herbes-de-provence\/#primaryimage\"},\"image\":{\"@id\":\"https:\/\/herberiedelatille.fr\/blog\/potager\/carre-des-aromates\/que-contient-vraiment-le-melange-herbes-de-provence\/#primaryimage\"},\"thumbnailUrl\":\"https:\/\/images.pexels.com\/photos\/6803743\/pexels-photo-6803743.jpeg?auto=compress&cs=tinysrgb&fit=crop&h=627&w=1200\",\"datePublished\":\"2026-07-16T17:48:32+00:00\",\"dateModified\":\"2026-07-16T17:50:16+00:00\",\"description\":\"Le m\u00e9lange \u00ab herbes de Provence \u00bb classique associe thym, romarin, sarriette et origan \u2014 mais l'appellation n'est pas prot\u00e9g\u00e9e : n'importe quel m\u00e9lange,\",\"inLanguage\":\"fr-FR\",\"potentialAction\":[{\"@type\":\"ReadAction\",\"target\":[\"https:\/\/herberiedelatille.fr\/blog\/potager\/carre-des-aromates\/que-contient-vraiment-le-melange-herbes-de-provence\/\"]}]},{\"@type\":\"ImageObject\",\"inLanguage\":\"fr-FR\",\"@id\":\"https:\/\/herberiedelatille.fr\/blog\/potager\/carre-des-aromates\/que-contient-vraiment-le-melange-herbes-de-provence\/#primaryimage\",\"url\":\"https:\/\/images.pexels.com\/photos\/6803743\/pexels-photo-6803743.jpeg?auto=compress&cs=tinysrgb&fit=crop&h=627&w=1200\",\"contentUrl\":\"https:\/\/images.pexels.com\/photos\/6803743\/pexels-photo-6803743.jpeg?auto=compress&cs=tinysrgb&fit=crop&h=627&w=1200\"},{\"@type\":\"WebSite\",\"@id\":\"https:\/\/herberiedelatille.fr\/blog\/#website\",\"url\":\"https:\/\/herberiedelatille.fr\/blog\/\",\"name\":\"Herberie de la Tille\",\"description\":\"Le m\u00e9dia de la botanique pratique \u2014 plantes, herboristerie, identification\",\"publisher\":{\"@id\":\"https:\/\/herberiedelatille.fr\/blog\/#organization\"},\"alternateName\":\"Herberie de la Tille\",\"potentialAction\":[{\"@type\":\"SearchAction\",\"target\":{\"@type\":\"EntryPoint\",\"urlTemplate\":\"https:\/\/herberiedelatille.fr\/blog\/?s={search_term_string}\"},\"query-input\":{\"@type\":\"PropertyValueSpecification\",\"valueRequired\":true,\"valueName\":\"search_term_string\"}}],\"inLanguage\":\"fr-FR\"},{\"@type\":\"Organization\",\"@id\":\"https:\/\/herberiedelatille.fr\/blog\/#organization\",\"name\":\"Herberie de la Tille\",\"url\":\"https:\/\/herberiedelatille.fr\/blog\/\",\"logo\":{\"@type\":\"ImageObject\",\"inLanguage\":\"fr-FR\",\"@id\":\"https:\/\/herberiedelatille.fr\/blog\/#\/schema\/logo\/image\/\",\"url\":\"https:\/\/herberiedelatille.fr\/blog\/wp-content\/uploads\/2024\/12\/herberiedelatille.png\",\"contentUrl\":\"https:\/\/herberiedelatille.fr\/blog\/wp-content\/uploads\/2024\/12\/herberiedelatille.png\",\"width\":500,\"height\":500,\"caption\":\"Herberie de la Tille\"},\"image\":{\"@id\":\"https:\/\/herberiedelatille.fr\/blog\/#\/schema\/logo\/image\/\"}},{\"@type\":\"Person\",\"@id\":\"https:\/\/herberiedelatille.fr\/blog\/#\/schema\/person\/c0ae6942e0cc8b6ebd58dada6ee6c2af\",\"name\":\"Antoine Bernard\",\"image\":{\"@type\":\"ImageObject\",\"inLanguage\":\"fr-FR\",\"@id\":\"https:\/\/herberiedelatille.fr\/blog\/#\/schema\/person\/image\/\",\"url\":\"https:\/\/secure.gravatar.com\/avatar\/?s=96&d=mm&r=g\",\"contentUrl\":\"https:\/\/secure.gravatar.com\/avatar\/?s=96&d=mm&r=g\",\"caption\":\"Antoine Bernard\"},\"description\":\"Photographe naturaliste et auteur.\",\"sameAs\":[\"https:\/\/bernardantoine.fr\/\"],\"url\":\"https:\/\/herberiedelatille.fr\/blog\/auteur\/antoine-bernard\/\",\"jobTitle\":\"Contributeur m\u00e9canique\",\"email\":\"antoine.bernard@autosmythiques57.fr\"}]}<\/script>\n<!-- \/ Yoast SEO Premium plugin. -->","yoast_head_json":{"title":"Que contient vraiment le m\u00e9lange \u00ab herbes de Provence \u00bb ?","description":"Le m\u00e9lange \u00ab herbes de Provence \u00bb classique associe thym, romarin, sarriette et origan \u2014 mais l'appellation n'est pas prot\u00e9g\u00e9e : n'importe quel m\u00e9lange,","robots":{"index":"index","follow":"follow","max-snippet":"max-snippet:-1","max-image-preview":"max-image-preview:large","max-video-preview":"max-video-preview:-1"},"canonical":"https:\/\/herberiedelatille.fr\/blog\/potager\/carre-des-aromates\/que-contient-vraiment-le-melange-herbes-de-provence\/","og_locale":"fr_FR","og_type":"article","og_title":"Que contient vraiment le m\u00e9lange \u00ab herbes de Provence \u00bb ?","og_description":"Le m\u00e9lange \u00ab herbes de Provence \u00bb classique associe thym, romarin, sarriette et origan \u2014 mais l'appellation n'est pas prot\u00e9g\u00e9e : n'importe quel m\u00e9lange,","og_url":"https:\/\/herberiedelatille.fr\/blog\/potager\/carre-des-aromates\/que-contient-vraiment-le-melange-herbes-de-provence\/","og_site_name":"Herberie de la Tille","author":"Antoine Bernard","twitter_card":"summary_large_image","schema":{"@context":"https:\/\/schema.org","@graph":[{"@type":"NewsArticle","@id":"https:\/\/herberiedelatille.fr\/blog\/potager\/carre-des-aromates\/que-contient-vraiment-le-melange-herbes-de-provence\/#article","isPartOf":{"@id":"https:\/\/herberiedelatille.fr\/blog\/potager\/carre-des-aromates\/que-contient-vraiment-le-melange-herbes-de-provence\/"},"author":{"name":"Antoine Bernard","@id":"https:\/\/herberiedelatille.fr\/blog\/#\/schema\/person\/c0ae6942e0cc8b6ebd58dada6ee6c2af"},"headline":"Que contient vraiment le m\u00e9lange \u00ab herbes de Provence \u00bb ?","datePublished":"2026-07-16T17:48:32+00:00","dateModified":"2026-07-16T17:50:16+00:00","mainEntityOfPage":{"@id":"https:\/\/herberiedelatille.fr\/blog\/potager\/carre-des-aromates\/que-contient-vraiment-le-melange-herbes-de-provence\/"},"wordCount":502,"commentCount":0,"publisher":{"@id":"https:\/\/herberiedelatille.fr\/blog\/#organization"},"image":{"@id":"https:\/\/herberiedelatille.fr\/blog\/potager\/carre-des-aromates\/que-contient-vraiment-le-melange-herbes-de-provence\/#primaryimage"},"thumbnailUrl":"https:\/\/images.pexels.com\/photos\/6803743\/pexels-photo-6803743.jpeg?auto=compress&cs=tinysrgb&fit=crop&h=627&w=1200","articleSection":["Le carr\u00e9 des aromates"],"inLanguage":"fr-FR","potentialAction":[{"@type":"CommentAction","name":"Comment","target":["https:\/\/herberiedelatille.fr\/blog\/potager\/carre-des-aromates\/que-contient-vraiment-le-melange-herbes-de-provence\/#respond"]}]},{"@type":"WebPage","@id":"https:\/\/herberiedelatille.fr\/blog\/potager\/carre-des-aromates\/que-contient-vraiment-le-melange-herbes-de-provence\/","url":"https:\/\/herberiedelatille.fr\/blog\/potager\/carre-des-aromates\/que-contient-vraiment-le-melange-herbes-de-provence\/","name":"Que contient vraiment le m\u00e9lange \u00ab herbes de Provence \u00bb ?","isPartOf":{"@id":"https:\/\/herberiedelatille.fr\/blog\/#website"},"primaryImageOfPage":{"@id":"https:\/\/herberiedelatille.fr\/blog\/potager\/carre-des-aromates\/que-contient-vraiment-le-melange-herbes-de-provence\/#primaryimage"},"image":{"@id":"https:\/\/herberiedelatille.fr\/blog\/potager\/carre-des-aromates\/que-contient-vraiment-le-melange-herbes-de-provence\/#primaryimage"},"thumbnailUrl":"https:\/\/images.pexels.com\/photos\/6803743\/pexels-photo-6803743.jpeg?auto=compress&cs=tinysrgb&fit=crop&h=627&w=1200","datePublished":"2026-07-16T17:48:32+00:00","dateModified":"2026-07-16T17:50:16+00:00","description":"Le m\u00e9lange \u00ab herbes de Provence \u00bb classique associe thym, romarin, sarriette et origan \u2014 mais l'appellation n'est pas prot\u00e9g\u00e9e : n'importe quel m\u00e9lange,","inLanguage":"fr-FR","potentialAction":[{"@type":"ReadAction","target":["https:\/\/herberiedelatille.fr\/blog\/potager\/carre-des-aromates\/que-contient-vraiment-le-melange-herbes-de-provence\/"]}]},{"@type":"ImageObject","inLanguage":"fr-FR","@id":"https:\/\/herberiedelatille.fr\/blog\/potager\/carre-des-aromates\/que-contient-vraiment-le-melange-herbes-de-provence\/#primaryimage","url":"https:\/\/images.pexels.com\/photos\/6803743\/pexels-photo-6803743.jpeg?auto=compress&cs=tinysrgb&fit=crop&h=627&w=1200","contentUrl":"https:\/\/images.pexels.com\/photos\/6803743\/pexels-photo-6803743.jpeg?auto=compress&cs=tinysrgb&fit=crop&h=627&w=1200"},{"@type":"WebSite","@id":"https:\/\/herberiedelatille.fr\/blog\/#website","url":"https:\/\/herberiedelatille.fr\/blog\/","name":"Herberie de la Tille","description":"Le m\u00e9dia de la botanique pratique \u2014 plantes, herboristerie, identification","publisher":{"@id":"https:\/\/herberiedelatille.fr\/blog\/#organization"},"alternateName":"Herberie de la Tille","potentialAction":[{"@type":"SearchAction","target":{"@type":"EntryPoint","urlTemplate":"https:\/\/herberiedelatille.fr\/blog\/?s={search_term_string}"},"query-input":{"@type":"PropertyValueSpecification","valueRequired":true,"valueName":"search_term_string"}}],"inLanguage":"fr-FR"},{"@type":"Organization","@id":"https:\/\/herberiedelatille.fr\/blog\/#organization","name":"Herberie de la Tille","url":"https:\/\/herberiedelatille.fr\/blog\/","logo":{"@type":"ImageObject","inLanguage":"fr-FR","@id":"https:\/\/herberiedelatille.fr\/blog\/#\/schema\/logo\/image\/","url":"https:\/\/herberiedelatille.fr\/blog\/wp-content\/uploads\/2024\/12\/herberiedelatille.png","contentUrl":"https:\/\/herberiedelatille.fr\/blog\/wp-content\/uploads\/2024\/12\/herberiedelatille.png","width":500,"height":500,"caption":"Herberie de la Tille"},"image":{"@id":"https:\/\/herberiedelatille.fr\/blog\/#\/schema\/logo\/image\/"}},{"@type":"Person","@id":"https:\/\/herberiedelatille.fr\/blog\/#\/schema\/person\/c0ae6942e0cc8b6ebd58dada6ee6c2af","name":"Antoine Bernard","image":{"@type":"ImageObject","inLanguage":"fr-FR","@id":"https:\/\/herberiedelatille.fr\/blog\/#\/schema\/person\/image\/","url":"https:\/\/secure.gravatar.com\/avatar\/?s=96&d=mm&r=g","contentUrl":"https:\/\/secure.gravatar.com\/avatar\/?s=96&d=mm&r=g","caption":"Antoine Bernard"},"description":"Photographe naturaliste et auteur.","sameAs":["https:\/\/bernardantoine.fr\/"],"url":"https:\/\/herberiedelatille.fr\/blog\/auteur\/antoine-bernard\/","jobTitle":"Contributeur m\u00e9canique","email":"antoine.bernard@autosmythiques57.fr"}]}},"_links":{"self":[{"href":"https:\/\/herberiedelatille.fr\/blog\/wp-json\/wp\/v2\/posts\/7888","targetHints":{"allow":["GET"]}}],"collection":[{"href":"https:\/\/herberiedelatille.fr\/blog\/wp-json\/wp\/v2\/posts"}],"about":[{"href":"https:\/\/herberiedelatille.fr\/blog\/wp-json\/wp\/v2\/types\/post"}],"author":[{"embeddable":true,"href":"https:\/\/herberiedelatille.fr\/blog\/wp-json\/wp\/v2\/users\/42"}],"replies":[{"embeddable":true,"href":"https:\/\/herberiedelatille.fr\/blog\/wp-json\/wp\/v2\/comments?post=7888"}],"version-history":[{"count":1,"href":"https:\/\/herberiedelatille.fr\/blog\/wp-json\/wp\/v2\/posts\/7888\/revisions"}],"predecessor-version":[{"id":7901,"href":"https:\/\/herberiedelatille.fr\/blog\/wp-json\/wp\/v2\/posts\/7888\/revisions\/7901"}],"wp:attachment":[{"href":"https:\/\/herberiedelatille.fr\/blog\/wp-json\/wp\/v2\/media?parent=7888"}],"wp:term":[{"taxonomy":"category","embeddable":true,"href":"https:\/\/herberiedelatille.fr\/blog\/wp-json\/wp\/v2\/categories?post=7888"},{"taxonomy":"post_tag","embeddable":true,"href":"https:\/\/herberiedelatille.fr\/blog\/wp-json\/wp\/v2\/tags?post=7888"}],"curies":[{"name":"wp","href":"https:\/\/api.w.org\/{rel}","templated":true}]}}