{"id":7889,"date":"2026-07-16T19:48:37","date_gmt":"2026-07-16T17:48:37","guid":{"rendered":"https:\/\/herberiedelatille.fr\/blog\/potager\/carre-des-aromates\/que-met-on-dans-un-bouquet-garni-et-comment-le-faire\/"},"modified":"2026-07-16T19:50:20","modified_gmt":"2026-07-16T17:50:20","slug":"que-met-on-dans-un-bouquet-garni-et-comment-le-faire","status":"publish","type":"post","link":"https:\/\/herberiedelatille.fr\/blog\/potager\/carre-des-aromates\/que-met-on-dans-un-bouquet-garni-et-comment-le-faire\/","title":{"rendered":"Que met-on dans un bouquet garni (et comment le faire) ?"},"content":{"rendered":"<p><strong>Le bouquet garni classique se compose de trois \u00e9l\u00e9ments : 2-3 branches de thym, 1 \u00e0 2 feuilles de laurier-sauce et quelques queues de persil, ficel\u00e9s ensemble et plong\u00e9s dans le plat en d\u00e9but de cuisson, puis retir\u00e9s avant de servir.<\/strong> C&rsquo;est la base aromatique des pot-au-feu, bouillons, sauces tomate, daubes et blanquettes \u2014 simple, \u00e9conomique, et bien meilleure fra\u00eeche que les sachets industriels.<\/p>\n<h2>La recette de base et ses variantes<\/h2>\n<p>Il n&rsquo;existe pas de composition officielle : le trio thym-laurier-persil est le socle, que chaque cuisine adapte. Le vert de poireau sert souvent d&rsquo;\u00ab emballage \u00bb : on glisse les herbes dans une feuille de poireau pli\u00e9e, ficel\u00e9e aux deux bouts, ce qui facilite le rep\u00eachage. Selon le plat, on ajoute une branche de c\u00e9leri, du romarin, de la sauge ou un zeste d&rsquo;orange s\u00e9ch\u00e9.<\/p>\n<table>\n<thead>\n<tr>\n<th>Plat<\/th>\n<th>Bouquet garni conseill\u00e9<\/th>\n<\/tr>\n<\/thead>\n<tbody>\n<tr>\n<td>Pot-au-feu, bouillons<\/td>\n<td>Thym, laurier, persil + vert de poireau et c\u00e9leri<\/td>\n<\/tr>\n<tr>\n<td>Daube, b\u0153uf bourguignon<\/td>\n<td>Base classique + romarin, \u00e9ventuellement zeste d&rsquo;orange (daube proven\u00e7ale)<\/td>\n<\/tr>\n<tr>\n<td>Sauce tomate, ratatouille<\/td>\n<td>Thym, laurier + origan ou basilic en fin de cuisson<\/td>\n<\/tr>\n<tr>\n<td>Poissons, court-bouillon<\/td>\n<td>Thym, laurier, persil + aneth ou fenouil<\/td>\n<\/tr>\n<tr>\n<td>Blanquette, volaille<\/td>\n<td>Base classique + estragon ou sauge (l\u00e9ger)<\/td>\n<\/tr>\n<\/tbody>\n<\/table>\n<h2>Comment le ficeler (avec ou sans ficelle)<\/h2>\n<p>Rassemblez les herbes en petit fagot, queues align\u00e9es, et entourez-les de 3-4 tours de ficelle de cuisine en serrant mod\u00e9r\u00e9ment ; laissez \u00e9ventuellement un long bout de ficelle attach\u00e9 \u00e0 la poign\u00e9e de la cocotte pour le retirer d&rsquo;un geste. Sans ficelle, trois solutions : la feuille de poireau pli\u00e9e en portefeuille, une boule \u00e0 th\u00e9 en inox pour les herbes \u00e9miett\u00e9es, ou un carr\u00e9 de gaze (\u00e9tamine) nou\u00e9. \u00c9vitez de laisser les herbes en vrac : feuilles de laurier et branches de thym ne sont pas agr\u00e9ables \u00e0 croquer.<\/p>\n<h2>Frais ou s\u00e9ch\u00e9 ?<\/h2>\n<p>Le thym et le laurier s\u00e9ch\u00e9s fonctionnent tr\u00e8s bien \u2014 c&rsquo;est d&rsquo;ailleurs le contenu des sachets du commerce. Le persil, lui, n&rsquo;apporte quasiment rien s\u00e9ch\u00e9 : si vous n&rsquo;en avez pas de frais, sautez-le simplement. Un bouquet garni se met en d\u00e9but de cuisson (les ar\u00f4mes du thym et du laurier ont besoin de temps) et se retire au moment de servir, quand la sauce a pris le relais.<\/p>\n<details>\n<summary>Comment remplacer le bouquet garni ?<\/summary>\n<p>Une cuill\u00e8re \u00e0 caf\u00e9 de thym s\u00e9ch\u00e9 + 1 feuille de laurier jet\u00e9es directement dans le plat donnent un r\u00e9sultat proche ; filtrez ou rep\u00eachez le laurier avant de servir.<\/p>\n<\/details>\n<details>\n<summary>Combien de temps laisser le bouquet garni dans le plat ?<\/summary>\n<p>Toute la cuisson pour les mijot\u00e9s. Dans un bouillon court (moins de 20 minutes), \u00e9crasez l\u00e9g\u00e8rement les herbes avant de les ficeler pour qu&rsquo;elles diffusent plus vite.<\/p>\n<\/details>\n<details>\n<summary>Peut-on pr\u00e9parer des bouquets garnis d&rsquo;avance ?<\/summary>\n<p>Oui : ficelez-en plusieurs et congelez-les \u00e0 plat dans un sac. Ils se jettent directement congel\u00e9s dans la cocotte.<\/p>\n<\/details>\n<h2>\u00c0 lire aussi<\/h2>\n<ul>\n<li><a href=\"https:\/\/herberiedelatille.fr\/blog\/potager\/carre-des-aromates\/herbes-aromatiques-le-guide-pratique-de-la-cuisine-au-jardin\/\">Herbes aromatiques : le guide pratique, de la cuisine au jardin<\/a><\/li>\n<li><a href=\"https:\/\/herberiedelatille.fr\/blog\/potager\/carre-des-aromates\/laurier-sauce-ou-laurier-rose-lequel-est-comestible\/\">Laurier-sauce ou laurier-rose : lequel est comestible ?<\/a><\/li>\n<li><a href=\"https:\/\/herberiedelatille.fr\/blog\/potager\/carre-des-aromates\/que-contient-vraiment-le-melange-herbes-de-provence\/\">Que contient vraiment le m\u00e9lange \u00ab herbes de Provence \u00bb ?<\/a><\/li>\n<li><a href=\"https:\/\/herberiedelatille.fr\/blog\/potager\/carre-des-aromates\/quand-et-comment-tailler-le-thym\/\">Quand et comment tailler le thym ?<\/a><\/li>\n<\/ul>\n","protected":false},"excerpt":{"rendered":"","protected":false},"author":42,"featured_media":999999999,"comment_status":"open","ping_status":"open","sticky":false,"template":"","format":"standard","meta":{"_acf_changed":false,"manual_indexmenow":false,"indexmenow_id_project":0,"footnotes":""},"categories":[4616],"tags":[],"class_list":["post-7889","post","type-post","status-publish","format-standard","has-post-thumbnail","hentry","category-carre-des-aromates","generate-columns","tablet-grid-50","mobile-grid-100","grid-parent","grid-25"],"acf":[],"yoast_head":"<!-- This site is optimized with the Yoast SEO Premium plugin v21.3 (Yoast SEO v25.6) - https:\/\/yoast.com\/wordpress\/plugins\/seo\/ -->\n<title>Que met-on dans un bouquet garni (et comment le faire) ?<\/title>\n<meta name=\"description\" content=\"Le bouquet garni classique se compose de trois \u00e9l\u00e9ments : 2-3 branches de thym, 1 \u00e0 2 feuilles de laurier-sauce et quelques queues de persil, ficel\u00e9s\" \/>\n<meta name=\"robots\" content=\"index, follow, max-snippet:-1, max-image-preview:large, max-video-preview:-1\" \/>\n<link rel=\"canonical\" href=\"https:\/\/herberiedelatille.fr\/blog\/potager\/carre-des-aromates\/que-met-on-dans-un-bouquet-garni-et-comment-le-faire\/\" \/>\n<meta property=\"og:locale\" content=\"fr_FR\" \/>\n<meta property=\"og:type\" content=\"article\" \/>\n<meta property=\"og:title\" content=\"Que met-on dans un bouquet garni (et comment le faire) ?\" \/>\n<meta property=\"og:description\" content=\"Le bouquet garni classique se compose de trois \u00e9l\u00e9ments : 2-3 branches de thym, 1 \u00e0 2 feuilles de laurier-sauce et quelques queues de persil, ficel\u00e9s\" \/>\n<meta property=\"og:url\" content=\"https:\/\/herberiedelatille.fr\/blog\/potager\/carre-des-aromates\/que-met-on-dans-un-bouquet-garni-et-comment-le-faire\/\" \/>\n<meta property=\"og:site_name\" content=\"Herberie de la Tille\" \/>\n<meta name=\"author\" content=\"Antoine Bernard\" \/>\n<meta name=\"twitter:card\" content=\"summary_large_image\" \/>\n<script type=\"application\/ld+json\" class=\"yoast-schema-graph\">{\"@context\":\"https:\/\/schema.org\",\"@graph\":[{\"@type\":\"NewsArticle\",\"@id\":\"https:\/\/herberiedelatille.fr\/blog\/potager\/carre-des-aromates\/que-met-on-dans-un-bouquet-garni-et-comment-le-faire\/#article\",\"isPartOf\":{\"@id\":\"https:\/\/herberiedelatille.fr\/blog\/potager\/carre-des-aromates\/que-met-on-dans-un-bouquet-garni-et-comment-le-faire\/\"},\"author\":{\"name\":\"Antoine Bernard\",\"@id\":\"https:\/\/herberiedelatille.fr\/blog\/#\/schema\/person\/c0ae6942e0cc8b6ebd58dada6ee6c2af\"},\"headline\":\"Que met-on dans un bouquet garni (et comment le faire) ?\",\"datePublished\":\"2026-07-16T17:48:37+00:00\",\"dateModified\":\"2026-07-16T17:50:20+00:00\",\"mainEntityOfPage\":{\"@id\":\"https:\/\/herberiedelatille.fr\/blog\/potager\/carre-des-aromates\/que-met-on-dans-un-bouquet-garni-et-comment-le-faire\/\"},\"wordCount\":525,\"commentCount\":0,\"publisher\":{\"@id\":\"https:\/\/herberiedelatille.fr\/blog\/#organization\"},\"image\":{\"@id\":\"https:\/\/herberiedelatille.fr\/blog\/potager\/carre-des-aromates\/que-met-on-dans-un-bouquet-garni-et-comment-le-faire\/#primaryimage\"},\"thumbnailUrl\":\"https:\/\/images.pexels.com\/photos\/33610663\/pexels-photo-33610663.jpeg?auto=compress&cs=tinysrgb&fit=crop&h=627&w=1200\",\"articleSection\":[\"Le carr\u00e9 des aromates\"],\"inLanguage\":\"fr-FR\",\"potentialAction\":[{\"@type\":\"CommentAction\",\"name\":\"Comment\",\"target\":[\"https:\/\/herberiedelatille.fr\/blog\/potager\/carre-des-aromates\/que-met-on-dans-un-bouquet-garni-et-comment-le-faire\/#respond\"]}]},{\"@type\":\"WebPage\",\"@id\":\"https:\/\/herberiedelatille.fr\/blog\/potager\/carre-des-aromates\/que-met-on-dans-un-bouquet-garni-et-comment-le-faire\/\",\"url\":\"https:\/\/herberiedelatille.fr\/blog\/potager\/carre-des-aromates\/que-met-on-dans-un-bouquet-garni-et-comment-le-faire\/\",\"name\":\"Que met-on dans un bouquet garni (et comment le faire) ?\",\"isPartOf\":{\"@id\":\"https:\/\/herberiedelatille.fr\/blog\/#website\"},\"primaryImageOfPage\":{\"@id\":\"https:\/\/herberiedelatille.fr\/blog\/potager\/carre-des-aromates\/que-met-on-dans-un-bouquet-garni-et-comment-le-faire\/#primaryimage\"},\"image\":{\"@id\":\"https:\/\/herberiedelatille.fr\/blog\/potager\/carre-des-aromates\/que-met-on-dans-un-bouquet-garni-et-comment-le-faire\/#primaryimage\"},\"thumbnailUrl\":\"https:\/\/images.pexels.com\/photos\/33610663\/pexels-photo-33610663.jpeg?auto=compress&cs=tinysrgb&fit=crop&h=627&w=1200\",\"datePublished\":\"2026-07-16T17:48:37+00:00\",\"dateModified\":\"2026-07-16T17:50:20+00:00\",\"description\":\"Le bouquet garni classique se compose de trois \u00e9l\u00e9ments : 2-3 branches de thym, 1 \u00e0 2 feuilles de laurier-sauce et quelques queues de persil, ficel\u00e9s\",\"inLanguage\":\"fr-FR\",\"potentialAction\":[{\"@type\":\"ReadAction\",\"target\":[\"https:\/\/herberiedelatille.fr\/blog\/potager\/carre-des-aromates\/que-met-on-dans-un-bouquet-garni-et-comment-le-faire\/\"]}]},{\"@type\":\"ImageObject\",\"inLanguage\":\"fr-FR\",\"@id\":\"https:\/\/herberiedelatille.fr\/blog\/potager\/carre-des-aromates\/que-met-on-dans-un-bouquet-garni-et-comment-le-faire\/#primaryimage\",\"url\":\"https:\/\/images.pexels.com\/photos\/33610663\/pexels-photo-33610663.jpeg?auto=compress&cs=tinysrgb&fit=crop&h=627&w=1200\",\"contentUrl\":\"https:\/\/images.pexels.com\/photos\/33610663\/pexels-photo-33610663.jpeg?auto=compress&cs=tinysrgb&fit=crop&h=627&w=1200\"},{\"@type\":\"WebSite\",\"@id\":\"https:\/\/herberiedelatille.fr\/blog\/#website\",\"url\":\"https:\/\/herberiedelatille.fr\/blog\/\",\"name\":\"Herberie de la Tille\",\"description\":\"Le m\u00e9dia de la botanique pratique \u2014 plantes, herboristerie, identification\",\"publisher\":{\"@id\":\"https:\/\/herberiedelatille.fr\/blog\/#organization\"},\"alternateName\":\"Herberie de la Tille\",\"potentialAction\":[{\"@type\":\"SearchAction\",\"target\":{\"@type\":\"EntryPoint\",\"urlTemplate\":\"https:\/\/herberiedelatille.fr\/blog\/?s={search_term_string}\"},\"query-input\":{\"@type\":\"PropertyValueSpecification\",\"valueRequired\":true,\"valueName\":\"search_term_string\"}}],\"inLanguage\":\"fr-FR\"},{\"@type\":\"Organization\",\"@id\":\"https:\/\/herberiedelatille.fr\/blog\/#organization\",\"name\":\"Herberie de la Tille\",\"url\":\"https:\/\/herberiedelatille.fr\/blog\/\",\"logo\":{\"@type\":\"ImageObject\",\"inLanguage\":\"fr-FR\",\"@id\":\"https:\/\/herberiedelatille.fr\/blog\/#\/schema\/logo\/image\/\",\"url\":\"https:\/\/herberiedelatille.fr\/blog\/wp-content\/uploads\/2024\/12\/herberiedelatille.png\",\"contentUrl\":\"https:\/\/herberiedelatille.fr\/blog\/wp-content\/uploads\/2024\/12\/herberiedelatille.png\",\"width\":500,\"height\":500,\"caption\":\"Herberie de la Tille\"},\"image\":{\"@id\":\"https:\/\/herberiedelatille.fr\/blog\/#\/schema\/logo\/image\/\"}},{\"@type\":\"Person\",\"@id\":\"https:\/\/herberiedelatille.fr\/blog\/#\/schema\/person\/c0ae6942e0cc8b6ebd58dada6ee6c2af\",\"name\":\"Antoine Bernard\",\"image\":{\"@type\":\"ImageObject\",\"inLanguage\":\"fr-FR\",\"@id\":\"https:\/\/herberiedelatille.fr\/blog\/#\/schema\/person\/image\/\",\"url\":\"https:\/\/secure.gravatar.com\/avatar\/?s=96&d=mm&r=g\",\"contentUrl\":\"https:\/\/secure.gravatar.com\/avatar\/?s=96&d=mm&r=g\",\"caption\":\"Antoine Bernard\"},\"description\":\"Photographe naturaliste et auteur.\",\"sameAs\":[\"https:\/\/bernardantoine.fr\/\"],\"url\":\"https:\/\/herberiedelatille.fr\/blog\/auteur\/antoine-bernard\/\",\"jobTitle\":\"Contributeur m\u00e9canique\",\"email\":\"antoine.bernard@autosmythiques57.fr\"}]}<\/script>\n<!-- \/ Yoast SEO Premium plugin. -->","yoast_head_json":{"title":"Que met-on dans un bouquet garni (et comment le faire) ?","description":"Le bouquet garni classique se compose de trois \u00e9l\u00e9ments : 2-3 branches de thym, 1 \u00e0 2 feuilles de laurier-sauce et quelques queues de persil, ficel\u00e9s","robots":{"index":"index","follow":"follow","max-snippet":"max-snippet:-1","max-image-preview":"max-image-preview:large","max-video-preview":"max-video-preview:-1"},"canonical":"https:\/\/herberiedelatille.fr\/blog\/potager\/carre-des-aromates\/que-met-on-dans-un-bouquet-garni-et-comment-le-faire\/","og_locale":"fr_FR","og_type":"article","og_title":"Que met-on dans un bouquet garni (et comment le faire) ?","og_description":"Le bouquet garni classique se compose de trois \u00e9l\u00e9ments : 2-3 branches de thym, 1 \u00e0 2 feuilles de laurier-sauce et quelques queues de persil, ficel\u00e9s","og_url":"https:\/\/herberiedelatille.fr\/blog\/potager\/carre-des-aromates\/que-met-on-dans-un-bouquet-garni-et-comment-le-faire\/","og_site_name":"Herberie de la Tille","author":"Antoine Bernard","twitter_card":"summary_large_image","schema":{"@context":"https:\/\/schema.org","@graph":[{"@type":"NewsArticle","@id":"https:\/\/herberiedelatille.fr\/blog\/potager\/carre-des-aromates\/que-met-on-dans-un-bouquet-garni-et-comment-le-faire\/#article","isPartOf":{"@id":"https:\/\/herberiedelatille.fr\/blog\/potager\/carre-des-aromates\/que-met-on-dans-un-bouquet-garni-et-comment-le-faire\/"},"author":{"name":"Antoine Bernard","@id":"https:\/\/herberiedelatille.fr\/blog\/#\/schema\/person\/c0ae6942e0cc8b6ebd58dada6ee6c2af"},"headline":"Que met-on dans un bouquet garni (et comment le faire) ?","datePublished":"2026-07-16T17:48:37+00:00","dateModified":"2026-07-16T17:50:20+00:00","mainEntityOfPage":{"@id":"https:\/\/herberiedelatille.fr\/blog\/potager\/carre-des-aromates\/que-met-on-dans-un-bouquet-garni-et-comment-le-faire\/"},"wordCount":525,"commentCount":0,"publisher":{"@id":"https:\/\/herberiedelatille.fr\/blog\/#organization"},"image":{"@id":"https:\/\/herberiedelatille.fr\/blog\/potager\/carre-des-aromates\/que-met-on-dans-un-bouquet-garni-et-comment-le-faire\/#primaryimage"},"thumbnailUrl":"https:\/\/images.pexels.com\/photos\/33610663\/pexels-photo-33610663.jpeg?auto=compress&cs=tinysrgb&fit=crop&h=627&w=1200","articleSection":["Le carr\u00e9 des aromates"],"inLanguage":"fr-FR","potentialAction":[{"@type":"CommentAction","name":"Comment","target":["https:\/\/herberiedelatille.fr\/blog\/potager\/carre-des-aromates\/que-met-on-dans-un-bouquet-garni-et-comment-le-faire\/#respond"]}]},{"@type":"WebPage","@id":"https:\/\/herberiedelatille.fr\/blog\/potager\/carre-des-aromates\/que-met-on-dans-un-bouquet-garni-et-comment-le-faire\/","url":"https:\/\/herberiedelatille.fr\/blog\/potager\/carre-des-aromates\/que-met-on-dans-un-bouquet-garni-et-comment-le-faire\/","name":"Que met-on dans un bouquet garni (et comment le faire) ?","isPartOf":{"@id":"https:\/\/herberiedelatille.fr\/blog\/#website"},"primaryImageOfPage":{"@id":"https:\/\/herberiedelatille.fr\/blog\/potager\/carre-des-aromates\/que-met-on-dans-un-bouquet-garni-et-comment-le-faire\/#primaryimage"},"image":{"@id":"https:\/\/herberiedelatille.fr\/blog\/potager\/carre-des-aromates\/que-met-on-dans-un-bouquet-garni-et-comment-le-faire\/#primaryimage"},"thumbnailUrl":"https:\/\/images.pexels.com\/photos\/33610663\/pexels-photo-33610663.jpeg?auto=compress&cs=tinysrgb&fit=crop&h=627&w=1200","datePublished":"2026-07-16T17:48:37+00:00","dateModified":"2026-07-16T17:50:20+00:00","description":"Le bouquet garni classique se compose de trois \u00e9l\u00e9ments : 2-3 branches de thym, 1 \u00e0 2 feuilles de laurier-sauce et quelques queues de persil, ficel\u00e9s","inLanguage":"fr-FR","potentialAction":[{"@type":"ReadAction","target":["https:\/\/herberiedelatille.fr\/blog\/potager\/carre-des-aromates\/que-met-on-dans-un-bouquet-garni-et-comment-le-faire\/"]}]},{"@type":"ImageObject","inLanguage":"fr-FR","@id":"https:\/\/herberiedelatille.fr\/blog\/potager\/carre-des-aromates\/que-met-on-dans-un-bouquet-garni-et-comment-le-faire\/#primaryimage","url":"https:\/\/images.pexels.com\/photos\/33610663\/pexels-photo-33610663.jpeg?auto=compress&cs=tinysrgb&fit=crop&h=627&w=1200","contentUrl":"https:\/\/images.pexels.com\/photos\/33610663\/pexels-photo-33610663.jpeg?auto=compress&cs=tinysrgb&fit=crop&h=627&w=1200"},{"@type":"WebSite","@id":"https:\/\/herberiedelatille.fr\/blog\/#website","url":"https:\/\/herberiedelatille.fr\/blog\/","name":"Herberie de la Tille","description":"Le m\u00e9dia de la botanique pratique \u2014 plantes, herboristerie, identification","publisher":{"@id":"https:\/\/herberiedelatille.fr\/blog\/#organization"},"alternateName":"Herberie de la Tille","potentialAction":[{"@type":"SearchAction","target":{"@type":"EntryPoint","urlTemplate":"https:\/\/herberiedelatille.fr\/blog\/?s={search_term_string}"},"query-input":{"@type":"PropertyValueSpecification","valueRequired":true,"valueName":"search_term_string"}}],"inLanguage":"fr-FR"},{"@type":"Organization","@id":"https:\/\/herberiedelatille.fr\/blog\/#organization","name":"Herberie de la Tille","url":"https:\/\/herberiedelatille.fr\/blog\/","logo":{"@type":"ImageObject","inLanguage":"fr-FR","@id":"https:\/\/herberiedelatille.fr\/blog\/#\/schema\/logo\/image\/","url":"https:\/\/herberiedelatille.fr\/blog\/wp-content\/uploads\/2024\/12\/herberiedelatille.png","contentUrl":"https:\/\/herberiedelatille.fr\/blog\/wp-content\/uploads\/2024\/12\/herberiedelatille.png","width":500,"height":500,"caption":"Herberie de la Tille"},"image":{"@id":"https:\/\/herberiedelatille.fr\/blog\/#\/schema\/logo\/image\/"}},{"@type":"Person","@id":"https:\/\/herberiedelatille.fr\/blog\/#\/schema\/person\/c0ae6942e0cc8b6ebd58dada6ee6c2af","name":"Antoine Bernard","image":{"@type":"ImageObject","inLanguage":"fr-FR","@id":"https:\/\/herberiedelatille.fr\/blog\/#\/schema\/person\/image\/","url":"https:\/\/secure.gravatar.com\/avatar\/?s=96&d=mm&r=g","contentUrl":"https:\/\/secure.gravatar.com\/avatar\/?s=96&d=mm&r=g","caption":"Antoine Bernard"},"description":"Photographe naturaliste et auteur.","sameAs":["https:\/\/bernardantoine.fr\/"],"url":"https:\/\/herberiedelatille.fr\/blog\/auteur\/antoine-bernard\/","jobTitle":"Contributeur m\u00e9canique","email":"antoine.bernard@autosmythiques57.fr"}]}},"_links":{"self":[{"href":"https:\/\/herberiedelatille.fr\/blog\/wp-json\/wp\/v2\/posts\/7889","targetHints":{"allow":["GET"]}}],"collection":[{"href":"https:\/\/herberiedelatille.fr\/blog\/wp-json\/wp\/v2\/posts"}],"about":[{"href":"https:\/\/herberiedelatille.fr\/blog\/wp-json\/wp\/v2\/types\/post"}],"author":[{"embeddable":true,"href":"https:\/\/herberiedelatille.fr\/blog\/wp-json\/wp\/v2\/users\/42"}],"replies":[{"embeddable":true,"href":"https:\/\/herberiedelatille.fr\/blog\/wp-json\/wp\/v2\/comments?post=7889"}],"version-history":[{"count":1,"href":"https:\/\/herberiedelatille.fr\/blog\/wp-json\/wp\/v2\/posts\/7889\/revisions"}],"predecessor-version":[{"id":7902,"href":"https:\/\/herberiedelatille.fr\/blog\/wp-json\/wp\/v2\/posts\/7889\/revisions\/7902"}],"wp:attachment":[{"href":"https:\/\/herberiedelatille.fr\/blog\/wp-json\/wp\/v2\/media?parent=7889"}],"wp:term":[{"taxonomy":"category","embeddable":true,"href":"https:\/\/herberiedelatille.fr\/blog\/wp-json\/wp\/v2\/categories?post=7889"},{"taxonomy":"post_tag","embeddable":true,"href":"https:\/\/herberiedelatille.fr\/blog\/wp-json\/wp\/v2\/tags?post=7889"}],"curies":[{"name":"wp","href":"https:\/\/api.w.org\/{rel}","templated":true}]}}