{"id":7891,"date":"2026-07-16T19:49:41","date_gmt":"2026-07-16T17:49:41","guid":{"rendered":"https:\/\/herberiedelatille.fr\/blog\/potager\/carre-des-aromates\/herbes-aromatiques-le-guide-pratique-de-la-cuisine-au-jardin\/"},"modified":"2026-07-16T19:49:41","modified_gmt":"2026-07-16T17:49:41","slug":"herbes-aromatiques-le-guide-pratique-de-la-cuisine-au-jardin","status":"publish","type":"post","link":"https:\/\/herberiedelatille.fr\/blog\/potager\/carre-des-aromates\/herbes-aromatiques-le-guide-pratique-de-la-cuisine-au-jardin\/","title":{"rendered":"Herbes aromatiques : le guide pratique, de la cuisine au jardin"},"content":{"rendered":"<p><strong>Basilic qui meurt en une semaine, menthe qui envahit tout, romarin taill\u00e9 au mauvais endroit, \u00ab laurier \u00bb cueilli dans la haie : les herbes aromatiques posent des questions tr\u00e8s concr\u00e8tes, et les r\u00e9ponses tiennent souvent en une phrase.<\/strong> Ce guide rassemble nos fiches pratiques sur les aromates, du jardin \u00e0 la casserole : chaque fiche r\u00e9pond \u00e0 une question pr\u00e9cise, avec le geste exact, un tableau r\u00e9capitulatif et les erreurs \u00e0 \u00e9viter.<\/p>\n<h2>Au jardin : planter, tailler, r\u00e9colter<\/h2>\n<table>\n<thead>\n<tr>\n<th>La question<\/th>\n<th>La r\u00e9ponse en bref<\/th>\n<\/tr>\n<\/thead>\n<tbody>\n<tr>\n<td><a href=\"https:\/\/herberiedelatille.fr\/blog\/potager\/carre-des-aromates\/comment-planter-la-menthe-et-pourquoi-toujours-en-pot\/\">Comment planter la menthe \u2014 et pourquoi toujours en pot ?<\/a><\/td>\n<td>Toujours en pot : ses rhizomes colonisent le jardin en une saison<\/td>\n<\/tr>\n<tr>\n<td><a href=\"https:\/\/herberiedelatille.fr\/blog\/potager\/carre-des-aromates\/comment-tailler-le-romarin-sans-le-faire-mourir\/\">Comment tailler le romarin (sans le faire mourir) ?<\/a><\/td>\n<td>Apr\u00e8s floraison, un tiers maximum, jamais dans le vieux bois<\/td>\n<\/tr>\n<tr>\n<td><a href=\"https:\/\/herberiedelatille.fr\/blog\/potager\/carre-des-aromates\/quand-et-comment-tailler-le-thym\/\">Quand et comment tailler le thym ?<\/a><\/td>\n<td>Une taille annuelle en d\u00f4me apr\u00e8s floraison, jamais dans le bois sec<\/td>\n<\/tr>\n<tr>\n<td><a href=\"https:\/\/herberiedelatille.fr\/blog\/potager\/carre-des-aromates\/comment-tailler-le-basilic-pour-quil-repousse\/\">Comment tailler le basilic pour qu&rsquo;il repousse ?<\/a><\/td>\n<td>Pincer au-dessus d&rsquo;une paire de feuilles : le plant double ses tiges<\/td>\n<\/tr>\n<tr>\n<td><a href=\"https:\/\/herberiedelatille.fr\/blog\/potager\/carre-des-aromates\/comment-couper-la-ciboulette-pour-quelle-repousse\/\">Comment couper la ciboulette pour qu&rsquo;elle repousse ?<\/a><\/td>\n<td>Aux ciseaux, \u00e0 2-3 cm du sol, par poign\u00e9es enti\u00e8res<\/td>\n<\/tr>\n<\/tbody>\n<\/table>\n<h2>Conserver la r\u00e9colte<\/h2>\n<table>\n<thead>\n<tr>\n<th>La question<\/th>\n<th>La r\u00e9ponse en bref<\/th>\n<\/tr>\n<\/thead>\n<tbody>\n<tr>\n<td><a href=\"https:\/\/herberiedelatille.fr\/blog\/potager\/carre-des-aromates\/comment-conserver-le-basilic-frais-et-garder-vivant-le-pot-du-supermarche\/\">Comment conserver le basilic frais (et garder vivant le pot du supermarch\u00e9) ?<\/a><\/td>\n<td>Dans un verre d&rsquo;eau \u00e0 temp\u00e9rature ambiante \u2014 jamais au frigo<\/td>\n<\/tr>\n<tr>\n<td><a href=\"https:\/\/herberiedelatille.fr\/blog\/potager\/carre-des-aromates\/comment-faire-secher-ses-herbes-aromatiques-menthe-thym-laurier\/\">Comment faire s\u00e9cher ses herbes aromatiques (menthe, thym, laurier\u2026) ?<\/a><\/td>\n<td>Bouquets t\u00eate en bas, 1 \u00e0 2 semaines dans une pi\u00e8ce s\u00e8che et sombre<\/td>\n<\/tr>\n<tr>\n<td><a href=\"https:\/\/herberiedelatille.fr\/blog\/potager\/carre-des-aromates\/peut-on-congeler-les-herbes-aromatiques-fraiches\/\">Peut-on congeler les herbes aromatiques fra\u00eeches ?<\/a><\/td>\n<td>Oui : gla\u00e7ons d&rsquo;huile pour le basilic, cisel\u00e9es \u00e0 sec pour le persil<\/td>\n<\/tr>\n<\/tbody>\n<\/table>\n<h2>En cuisine : m\u00e9langes, classiques et pi\u00e8ges<\/h2>\n<table>\n<thead>\n<tr>\n<th>La question<\/th>\n<th>La r\u00e9ponse en bref<\/th>\n<\/tr>\n<\/thead>\n<tbody>\n<tr>\n<td><a href=\"https:\/\/herberiedelatille.fr\/blog\/potager\/carre-des-aromates\/que-contient-vraiment-le-melange-herbes-de-provence\/\">Que contient vraiment le m\u00e9lange \u00ab herbes de Provence \u00bb ?<\/a><\/td>\n<td>Aucune recette impos\u00e9e, sauf Label Rouge : 26\/26\/26\/19\/3<\/td>\n<\/tr>\n<tr>\n<td><a href=\"https:\/\/herberiedelatille.fr\/blog\/potager\/carre-des-aromates\/que-met-on-dans-un-bouquet-garni-et-comment-le-faire\/\">Que met-on dans un bouquet garni (et comment le faire) ?<\/a><\/td>\n<td>Thym + laurier + queues de persil, ficel\u00e9s, retir\u00e9s avant de servir<\/td>\n<\/tr>\n<tr>\n<td><a href=\"https:\/\/herberiedelatille.fr\/blog\/potager\/carre-des-aromates\/laurier-sauce-ou-laurier-rose-lequel-est-comestible\/\">Laurier-sauce ou laurier-rose : lequel est comestible ?<\/a><\/td>\n<td>Seul le laurier-sauce se mange : le laurier-rose est toxique en entier<\/td>\n<\/tr>\n<tr>\n<td><a href=\"https:\/\/herberiedelatille.fr\/blog\/potager\/carre-des-aromates\/coriandre-ou-persil-plat-comment-faire-la-difference\/\">Coriandre ou persil plat : comment faire la diff\u00e9rence ?<\/a><\/td>\n<td>Froissez une feuille : l&rsquo;odeur de la coriandre ne trompe pas<\/td>\n<\/tr>\n<\/tbody>\n<\/table>\n<p>Trois r\u00e9flexes valent pour presque tous les aromates : on taille dans le vert (le vieux bois ne repart pas), on s\u00e8che les herbes \u00ab dures \u00bb et on cong\u00e8le les tendres, et on ne cueille jamais une plante pour la cuisine sans \u00eatre s\u00fbr de son identit\u00e9 \u2014 le cas du laurier suffit \u00e0 s&rsquo;en convaincre.<\/p>\n","protected":false},"excerpt":{"rendered":"","protected":false},"author":42,"featured_media":999999999,"comment_status":"open","ping_status":"open","sticky":false,"template":"","format":"standard","meta":{"_acf_changed":false,"manual_indexmenow":false,"indexmenow_id_project":0,"footnotes":""},"categories":[4616],"tags":[],"class_list":["post-7891","post","type-post","status-publish","format-standard","has-post-thumbnail","hentry","category-carre-des-aromates","generate-columns","tablet-grid-50","mobile-grid-100","grid-parent","grid-25"],"acf":[],"yoast_head":"<!-- This site is optimized with the Yoast SEO Premium plugin v21.3 (Yoast SEO v25.6) - https:\/\/yoast.com\/wordpress\/plugins\/seo\/ -->\n<title>Herbes aromatiques : le guide pratique, de la cuisine au jardin<\/title>\n<meta name=\"description\" content=\"Basilic qui meurt en une semaine, menthe qui envahit tout, romarin taill\u00e9 au mauvais endroit, \u00ab laurier \u00bb cueilli dans la haie : les herbes aromatiques\" \/>\n<meta name=\"robots\" content=\"index, follow, max-snippet:-1, max-image-preview:large, max-video-preview:-1\" \/>\n<link rel=\"canonical\" href=\"https:\/\/herberiedelatille.fr\/blog\/potager\/carre-des-aromates\/herbes-aromatiques-le-guide-pratique-de-la-cuisine-au-jardin\/\" \/>\n<meta property=\"og:locale\" content=\"fr_FR\" \/>\n<meta property=\"og:type\" content=\"article\" \/>\n<meta property=\"og:title\" content=\"Herbes aromatiques : le guide pratique, de la cuisine au jardin\" \/>\n<meta property=\"og:description\" content=\"Basilic qui meurt en une semaine, menthe qui envahit tout, romarin taill\u00e9 au mauvais endroit, \u00ab laurier \u00bb cueilli dans la haie : les herbes aromatiques\" \/>\n<meta property=\"og:url\" content=\"https:\/\/herberiedelatille.fr\/blog\/potager\/carre-des-aromates\/herbes-aromatiques-le-guide-pratique-de-la-cuisine-au-jardin\/\" \/>\n<meta property=\"og:site_name\" content=\"Herberie de la Tille\" \/>\n<meta name=\"author\" content=\"Antoine Bernard\" \/>\n<meta name=\"twitter:card\" content=\"summary_large_image\" \/>\n<script type=\"application\/ld+json\" class=\"yoast-schema-graph\">{\"@context\":\"https:\/\/schema.org\",\"@graph\":[{\"@type\":\"NewsArticle\",\"@id\":\"https:\/\/herberiedelatille.fr\/blog\/potager\/carre-des-aromates\/herbes-aromatiques-le-guide-pratique-de-la-cuisine-au-jardin\/#article\",\"isPartOf\":{\"@id\":\"https:\/\/herberiedelatille.fr\/blog\/potager\/carre-des-aromates\/herbes-aromatiques-le-guide-pratique-de-la-cuisine-au-jardin\/\"},\"author\":{\"name\":\"Antoine Bernard\",\"@id\":\"https:\/\/herberiedelatille.fr\/blog\/#\/schema\/person\/c0ae6942e0cc8b6ebd58dada6ee6c2af\"},\"headline\":\"Herbes aromatiques : le guide pratique, de la cuisine au jardin\",\"datePublished\":\"2026-07-16T17:49:41+00:00\",\"mainEntityOfPage\":{\"@id\":\"https:\/\/herberiedelatille.fr\/blog\/potager\/carre-des-aromates\/herbes-aromatiques-le-guide-pratique-de-la-cuisine-au-jardin\/\"},\"wordCount\":419,\"commentCount\":0,\"publisher\":{\"@id\":\"https:\/\/herberiedelatille.fr\/blog\/#organization\"},\"image\":{\"@id\":\"https:\/\/herberiedelatille.fr\/blog\/potager\/carre-des-aromates\/herbes-aromatiques-le-guide-pratique-de-la-cuisine-au-jardin\/#primaryimage\"},\"thumbnailUrl\":\"https:\/\/images.pexels.com\/photos\/4198112\/pexels-photo-4198112.jpeg?auto=compress&cs=tinysrgb&fit=crop&h=627&w=1200\",\"articleSection\":[\"Le carr\u00e9 des aromates\"],\"inLanguage\":\"fr-FR\",\"potentialAction\":[{\"@type\":\"CommentAction\",\"name\":\"Comment\",\"target\":[\"https:\/\/herberiedelatille.fr\/blog\/potager\/carre-des-aromates\/herbes-aromatiques-le-guide-pratique-de-la-cuisine-au-jardin\/#respond\"]}]},{\"@type\":\"WebPage\",\"@id\":\"https:\/\/herberiedelatille.fr\/blog\/potager\/carre-des-aromates\/herbes-aromatiques-le-guide-pratique-de-la-cuisine-au-jardin\/\",\"url\":\"https:\/\/herberiedelatille.fr\/blog\/potager\/carre-des-aromates\/herbes-aromatiques-le-guide-pratique-de-la-cuisine-au-jardin\/\",\"name\":\"Herbes aromatiques : le guide pratique, de la cuisine au jardin\",\"isPartOf\":{\"@id\":\"https:\/\/herberiedelatille.fr\/blog\/#website\"},\"primaryImageOfPage\":{\"@id\":\"https:\/\/herberiedelatille.fr\/blog\/potager\/carre-des-aromates\/herbes-aromatiques-le-guide-pratique-de-la-cuisine-au-jardin\/#primaryimage\"},\"image\":{\"@id\":\"https:\/\/herberiedelatille.fr\/blog\/potager\/carre-des-aromates\/herbes-aromatiques-le-guide-pratique-de-la-cuisine-au-jardin\/#primaryimage\"},\"thumbnailUrl\":\"https:\/\/images.pexels.com\/photos\/4198112\/pexels-photo-4198112.jpeg?auto=compress&cs=tinysrgb&fit=crop&h=627&w=1200\",\"datePublished\":\"2026-07-16T17:49:41+00:00\",\"description\":\"Basilic qui meurt en une semaine, menthe qui envahit tout, romarin taill\u00e9 au mauvais endroit, \u00ab laurier \u00bb cueilli dans la haie : les herbes aromatiques\",\"inLanguage\":\"fr-FR\",\"potentialAction\":[{\"@type\":\"ReadAction\",\"target\":[\"https:\/\/herberiedelatille.fr\/blog\/potager\/carre-des-aromates\/herbes-aromatiques-le-guide-pratique-de-la-cuisine-au-jardin\/\"]}]},{\"@type\":\"ImageObject\",\"inLanguage\":\"fr-FR\",\"@id\":\"https:\/\/herberiedelatille.fr\/blog\/potager\/carre-des-aromates\/herbes-aromatiques-le-guide-pratique-de-la-cuisine-au-jardin\/#primaryimage\",\"url\":\"https:\/\/images.pexels.com\/photos\/4198112\/pexels-photo-4198112.jpeg?auto=compress&cs=tinysrgb&fit=crop&h=627&w=1200\",\"contentUrl\":\"https:\/\/images.pexels.com\/photos\/4198112\/pexels-photo-4198112.jpeg?auto=compress&cs=tinysrgb&fit=crop&h=627&w=1200\"},{\"@type\":\"WebSite\",\"@id\":\"https:\/\/herberiedelatille.fr\/blog\/#website\",\"url\":\"https:\/\/herberiedelatille.fr\/blog\/\",\"name\":\"Herberie de la Tille\",\"description\":\"Le m\u00e9dia de la botanique pratique \u2014 plantes, herboristerie, identification\",\"publisher\":{\"@id\":\"https:\/\/herberiedelatille.fr\/blog\/#organization\"},\"alternateName\":\"Herberie de la Tille\",\"potentialAction\":[{\"@type\":\"SearchAction\",\"target\":{\"@type\":\"EntryPoint\",\"urlTemplate\":\"https:\/\/herberiedelatille.fr\/blog\/?s={search_term_string}\"},\"query-input\":{\"@type\":\"PropertyValueSpecification\",\"valueRequired\":true,\"valueName\":\"search_term_string\"}}],\"inLanguage\":\"fr-FR\"},{\"@type\":\"Organization\",\"@id\":\"https:\/\/herberiedelatille.fr\/blog\/#organization\",\"name\":\"Herberie de la Tille\",\"url\":\"https:\/\/herberiedelatille.fr\/blog\/\",\"logo\":{\"@type\":\"ImageObject\",\"inLanguage\":\"fr-FR\",\"@id\":\"https:\/\/herberiedelatille.fr\/blog\/#\/schema\/logo\/image\/\",\"url\":\"https:\/\/herberiedelatille.fr\/blog\/wp-content\/uploads\/2024\/12\/herberiedelatille.png\",\"contentUrl\":\"https:\/\/herberiedelatille.fr\/blog\/wp-content\/uploads\/2024\/12\/herberiedelatille.png\",\"width\":500,\"height\":500,\"caption\":\"Herberie de la Tille\"},\"image\":{\"@id\":\"https:\/\/herberiedelatille.fr\/blog\/#\/schema\/logo\/image\/\"}},{\"@type\":\"Person\",\"@id\":\"https:\/\/herberiedelatille.fr\/blog\/#\/schema\/person\/c0ae6942e0cc8b6ebd58dada6ee6c2af\",\"name\":\"Antoine Bernard\",\"image\":{\"@type\":\"ImageObject\",\"inLanguage\":\"fr-FR\",\"@id\":\"https:\/\/herberiedelatille.fr\/blog\/#\/schema\/person\/image\/\",\"url\":\"https:\/\/secure.gravatar.com\/avatar\/?s=96&d=mm&r=g\",\"contentUrl\":\"https:\/\/secure.gravatar.com\/avatar\/?s=96&d=mm&r=g\",\"caption\":\"Antoine Bernard\"},\"description\":\"Photographe naturaliste et auteur.\",\"sameAs\":[\"https:\/\/bernardantoine.fr\/\"],\"url\":\"https:\/\/herberiedelatille.fr\/blog\/auteur\/antoine-bernard\/\",\"jobTitle\":\"Contributeur m\u00e9canique\",\"email\":\"antoine.bernard@autosmythiques57.fr\"}]}<\/script>\n<!-- \/ Yoast SEO Premium plugin. -->","yoast_head_json":{"title":"Herbes aromatiques : le guide pratique, de la cuisine au jardin","description":"Basilic qui meurt en une semaine, menthe qui envahit tout, romarin taill\u00e9 au mauvais endroit, \u00ab laurier \u00bb cueilli dans la haie : les herbes aromatiques","robots":{"index":"index","follow":"follow","max-snippet":"max-snippet:-1","max-image-preview":"max-image-preview:large","max-video-preview":"max-video-preview:-1"},"canonical":"https:\/\/herberiedelatille.fr\/blog\/potager\/carre-des-aromates\/herbes-aromatiques-le-guide-pratique-de-la-cuisine-au-jardin\/","og_locale":"fr_FR","og_type":"article","og_title":"Herbes aromatiques : le guide pratique, de la cuisine au jardin","og_description":"Basilic qui meurt en une semaine, menthe qui envahit tout, romarin taill\u00e9 au mauvais endroit, \u00ab laurier \u00bb cueilli dans la haie : les herbes aromatiques","og_url":"https:\/\/herberiedelatille.fr\/blog\/potager\/carre-des-aromates\/herbes-aromatiques-le-guide-pratique-de-la-cuisine-au-jardin\/","og_site_name":"Herberie de la Tille","author":"Antoine Bernard","twitter_card":"summary_large_image","schema":{"@context":"https:\/\/schema.org","@graph":[{"@type":"NewsArticle","@id":"https:\/\/herberiedelatille.fr\/blog\/potager\/carre-des-aromates\/herbes-aromatiques-le-guide-pratique-de-la-cuisine-au-jardin\/#article","isPartOf":{"@id":"https:\/\/herberiedelatille.fr\/blog\/potager\/carre-des-aromates\/herbes-aromatiques-le-guide-pratique-de-la-cuisine-au-jardin\/"},"author":{"name":"Antoine Bernard","@id":"https:\/\/herberiedelatille.fr\/blog\/#\/schema\/person\/c0ae6942e0cc8b6ebd58dada6ee6c2af"},"headline":"Herbes aromatiques : le guide pratique, de la cuisine au jardin","datePublished":"2026-07-16T17:49:41+00:00","mainEntityOfPage":{"@id":"https:\/\/herberiedelatille.fr\/blog\/potager\/carre-des-aromates\/herbes-aromatiques-le-guide-pratique-de-la-cuisine-au-jardin\/"},"wordCount":419,"commentCount":0,"publisher":{"@id":"https:\/\/herberiedelatille.fr\/blog\/#organization"},"image":{"@id":"https:\/\/herberiedelatille.fr\/blog\/potager\/carre-des-aromates\/herbes-aromatiques-le-guide-pratique-de-la-cuisine-au-jardin\/#primaryimage"},"thumbnailUrl":"https:\/\/images.pexels.com\/photos\/4198112\/pexels-photo-4198112.jpeg?auto=compress&cs=tinysrgb&fit=crop&h=627&w=1200","articleSection":["Le carr\u00e9 des aromates"],"inLanguage":"fr-FR","potentialAction":[{"@type":"CommentAction","name":"Comment","target":["https:\/\/herberiedelatille.fr\/blog\/potager\/carre-des-aromates\/herbes-aromatiques-le-guide-pratique-de-la-cuisine-au-jardin\/#respond"]}]},{"@type":"WebPage","@id":"https:\/\/herberiedelatille.fr\/blog\/potager\/carre-des-aromates\/herbes-aromatiques-le-guide-pratique-de-la-cuisine-au-jardin\/","url":"https:\/\/herberiedelatille.fr\/blog\/potager\/carre-des-aromates\/herbes-aromatiques-le-guide-pratique-de-la-cuisine-au-jardin\/","name":"Herbes aromatiques : le guide pratique, de la cuisine au jardin","isPartOf":{"@id":"https:\/\/herberiedelatille.fr\/blog\/#website"},"primaryImageOfPage":{"@id":"https:\/\/herberiedelatille.fr\/blog\/potager\/carre-des-aromates\/herbes-aromatiques-le-guide-pratique-de-la-cuisine-au-jardin\/#primaryimage"},"image":{"@id":"https:\/\/herberiedelatille.fr\/blog\/potager\/carre-des-aromates\/herbes-aromatiques-le-guide-pratique-de-la-cuisine-au-jardin\/#primaryimage"},"thumbnailUrl":"https:\/\/images.pexels.com\/photos\/4198112\/pexels-photo-4198112.jpeg?auto=compress&cs=tinysrgb&fit=crop&h=627&w=1200","datePublished":"2026-07-16T17:49:41+00:00","description":"Basilic qui meurt en une semaine, menthe qui envahit tout, romarin taill\u00e9 au mauvais endroit, \u00ab laurier \u00bb cueilli dans la haie : les herbes aromatiques","inLanguage":"fr-FR","potentialAction":[{"@type":"ReadAction","target":["https:\/\/herberiedelatille.fr\/blog\/potager\/carre-des-aromates\/herbes-aromatiques-le-guide-pratique-de-la-cuisine-au-jardin\/"]}]},{"@type":"ImageObject","inLanguage":"fr-FR","@id":"https:\/\/herberiedelatille.fr\/blog\/potager\/carre-des-aromates\/herbes-aromatiques-le-guide-pratique-de-la-cuisine-au-jardin\/#primaryimage","url":"https:\/\/images.pexels.com\/photos\/4198112\/pexels-photo-4198112.jpeg?auto=compress&cs=tinysrgb&fit=crop&h=627&w=1200","contentUrl":"https:\/\/images.pexels.com\/photos\/4198112\/pexels-photo-4198112.jpeg?auto=compress&cs=tinysrgb&fit=crop&h=627&w=1200"},{"@type":"WebSite","@id":"https:\/\/herberiedelatille.fr\/blog\/#website","url":"https:\/\/herberiedelatille.fr\/blog\/","name":"Herberie de la Tille","description":"Le m\u00e9dia de la botanique pratique \u2014 plantes, herboristerie, identification","publisher":{"@id":"https:\/\/herberiedelatille.fr\/blog\/#organization"},"alternateName":"Herberie de la Tille","potentialAction":[{"@type":"SearchAction","target":{"@type":"EntryPoint","urlTemplate":"https:\/\/herberiedelatille.fr\/blog\/?s={search_term_string}"},"query-input":{"@type":"PropertyValueSpecification","valueRequired":true,"valueName":"search_term_string"}}],"inLanguage":"fr-FR"},{"@type":"Organization","@id":"https:\/\/herberiedelatille.fr\/blog\/#organization","name":"Herberie de la Tille","url":"https:\/\/herberiedelatille.fr\/blog\/","logo":{"@type":"ImageObject","inLanguage":"fr-FR","@id":"https:\/\/herberiedelatille.fr\/blog\/#\/schema\/logo\/image\/","url":"https:\/\/herberiedelatille.fr\/blog\/wp-content\/uploads\/2024\/12\/herberiedelatille.png","contentUrl":"https:\/\/herberiedelatille.fr\/blog\/wp-content\/uploads\/2024\/12\/herberiedelatille.png","width":500,"height":500,"caption":"Herberie de la Tille"},"image":{"@id":"https:\/\/herberiedelatille.fr\/blog\/#\/schema\/logo\/image\/"}},{"@type":"Person","@id":"https:\/\/herberiedelatille.fr\/blog\/#\/schema\/person\/c0ae6942e0cc8b6ebd58dada6ee6c2af","name":"Antoine Bernard","image":{"@type":"ImageObject","inLanguage":"fr-FR","@id":"https:\/\/herberiedelatille.fr\/blog\/#\/schema\/person\/image\/","url":"https:\/\/secure.gravatar.com\/avatar\/?s=96&d=mm&r=g","contentUrl":"https:\/\/secure.gravatar.com\/avatar\/?s=96&d=mm&r=g","caption":"Antoine Bernard"},"description":"Photographe naturaliste et auteur.","sameAs":["https:\/\/bernardantoine.fr\/"],"url":"https:\/\/herberiedelatille.fr\/blog\/auteur\/antoine-bernard\/","jobTitle":"Contributeur m\u00e9canique","email":"antoine.bernard@autosmythiques57.fr"}]}},"_links":{"self":[{"href":"https:\/\/herberiedelatille.fr\/blog\/wp-json\/wp\/v2\/posts\/7891","targetHints":{"allow":["GET"]}}],"collection":[{"href":"https:\/\/herberiedelatille.fr\/blog\/wp-json\/wp\/v2\/posts"}],"about":[{"href":"https:\/\/herberiedelatille.fr\/blog\/wp-json\/wp\/v2\/types\/post"}],"author":[{"embeddable":true,"href":"https:\/\/herberiedelatille.fr\/blog\/wp-json\/wp\/v2\/users\/42"}],"replies":[{"embeddable":true,"href":"https:\/\/herberiedelatille.fr\/blog\/wp-json\/wp\/v2\/comments?post=7891"}],"version-history":[{"count":0,"href":"https:\/\/herberiedelatille.fr\/blog\/wp-json\/wp\/v2\/posts\/7891\/revisions"}],"wp:attachment":[{"href":"https:\/\/herberiedelatille.fr\/blog\/wp-json\/wp\/v2\/media?parent=7891"}],"wp:term":[{"taxonomy":"category","embeddable":true,"href":"https:\/\/herberiedelatille.fr\/blog\/wp-json\/wp\/v2\/categories?post=7891"},{"taxonomy":"post_tag","embeddable":true,"href":"https:\/\/herberiedelatille.fr\/blog\/wp-json\/wp\/v2\/tags?post=7891"}],"curies":[{"name":"wp","href":"https:\/\/api.w.org\/{rel}","templated":true}]}}